{"id":67220,"date":"2019-11-12T05:48:48","date_gmt":"2019-11-12T10:48:48","guid":{"rendered":"https:\/\/linitiative.ca\/International\/concours-televise-a-moscou\/"},"modified":"2019-11-12T05:48:48","modified_gmt":"2019-11-12T10:48:48","slug":"concours-televise-a-moscou","status":"publish","type":"post","link":"https:\/\/linitiative.ca\/International\/concours-televise-a-moscou\/","title":{"rendered":"Concours t\u00e9l\u00e9vis\u00e9 \u00e0 Moscou"},"content":{"rendered":"<p class=\"has-text-color has-vivid-red-color c2\"><strong>Un jeune marocain impressionne le jury gr\u00e2ce \u00e0 ses comp\u00e9tences de m\u00e9morisation<\/strong><\/p>\n<p class=\"has-text-color has-vivid-cyan-blue-color\"><strong>Le jeune marocain Lahcen Oulhaj a impressionn\u00e9 le jury russe, lors de l\u2019\u00e9mission t\u00e9l\u00e9vis\u00e9e \u00abAmazing People\u00bb, qui lui a attribu\u00e9 la premi\u00e8re place, devenant ainsi le premier candidat arabe et africain \u00e0 remporter \u00able Prix Cerveau exceptionnel\u00bb.<\/strong><\/p>\n<p>Lors de l\u2019\u00e9mission diffus\u00e9e par la chaine \u00abRussia1\u00bb, l\u2019\u00e9tudiant marocain inscrit dans la fili\u00e8re \u00absciences math\u00e9matiques\u00bb \u00e0 l\u2019Universit\u00e9 de F\u00e8s, a remport\u00e9 le Prix face \u00e0 huit finalistes, en recueillant 17% des voix du public en plus des f\u00e9licitations des membres du jury pour ses comp\u00e9tences exceptionnelles dans la m\u00e9morisation.<\/p>\n<p>L\u2019\u00e9tudiant marocain, \u00e2g\u00e9 de 26 ans et originaire de la ville de Boulemane, a remport\u00e9 ce prix dot\u00e9 de 1 million de roubles (environ 150.000 dhs) apr\u00e8s avoir r\u00e9ussi \u00e0 m\u00e9moriser en deux minutes le num\u00e9ro d\u2019un \u0153uf choisi au hasard parmi 300 autres avec des formes et des couleurs similaires, suscitant par cet exploit l\u2019admiration du jury et du public de la comp\u00e9tition qui a connu la participation de candidats repr\u00e9sentant 40 pays.<\/p>\n<p>\u00abAvec cette victoire, j\u2019ai r\u00e9alis\u00e9 un grand pas pour accomplir de nouveaux exploits\u00bb, a affirm\u00e9 Lahcen Oulhaj \u00e0 cette occasion, exprimant sa d\u00e9termination \u00e0 am\u00e9liorer ses comp\u00e9tences ainsi que ses remerciements \u00e0 ceux qui l\u2019ont encourag\u00e9 \u00e0 repr\u00e9senter le Maroc dans cette comp\u00e9tition.<\/p>\n<p>Il a, par ailleurs, soulign\u00e9 que sa participation \u00e0 l\u2019\u00e9mission \u00abAmazing People\u00bb intervient apr\u00e8s plusieurs ann\u00e9es d\u2019entrainements intensifs entam\u00e9s depuis 2013 dans le domaine de la m\u00e9morisation.<\/p>\n<p>Lors des phases qualificatives de la comp\u00e9tition, le jeune marocain a r\u00e9ussi, dans un laps de temps record, \u00e0 classer dans le sens exact 200 pi\u00e8ces de \u00abMatrioshka\u00bb (figurines russes) m\u00e9lang\u00e9es au hasard par les membres du jury.<br \/>En 2015, Lahcen Oulhaj a repr\u00e9sent\u00e9 le Maroc au championnat arabe de m\u00e9morisation. Il a \u00e9galement r\u00e9alis\u00e9 un record du monde dans le championnat de sport mental organis\u00e9 en Turquie en r\u00e9ussissant \u00e0 m\u00e9moriser l\u2019ordre de 930 chiffres en l\u2019espace de quinze minutes.<\/p>\n<p>Auteur: M&rsquo;hammed rahal<br \/>\n<a href=\"http:\/\/albayane.press.ma\/concours-televise-a-moscou.html\">Cliquez ici pour lire l&rsquo;article depuis sa source.<\/a><\/p>\n","protected":false},"excerpt":{"rendered":"<p>Un jeune marocain impressionne le jury gr\u00e2ce \u00e0 ses comp\u00e9tences de m\u00e9morisation Le jeune marocain Lahcen Oulhaj a impressionn\u00e9 le jury russe, lors de l\u2019\u00e9mission t\u00e9l\u00e9vis\u00e9e \u00abAmazing People\u00bb, qui lui a attribu\u00e9 la premi\u00e8re place, devenant ainsi le premier candidat arabe et africain \u00e0 remporter \u00able Prix Cerveau exceptionnel\u00bb. Lors de l\u2019\u00e9mission diffus\u00e9e par la [&hellip;]<\/p>\n","protected":false},"author":1760,"featured_media":0,"comment_status":"closed","ping_status":"closed","sticky":false,"template":"","format":"standard","meta":{"fifu_image_url":"","fifu_image_alt":"","footnotes":""},"categories":[73,54],"tags":[],"class_list":["post-67220","post","type-post","status-publish","format-standard","hentry","category-actualite","category-maroc"],"_links":{"self":[{"href":"https:\/\/linitiative.ca\/International\/wp-json\/wp\/v2\/posts\/67220","targetHints":{"allow":["GET"]}}],"collection":[{"href":"https:\/\/linitiative.ca\/International\/wp-json\/wp\/v2\/posts"}],"about":[{"href":"https:\/\/linitiative.ca\/International\/wp-json\/wp\/v2\/types\/post"}],"author":[{"embeddable":true,"href":"https:\/\/linitiative.ca\/International\/wp-json\/wp\/v2\/users\/1760"}],"replies":[{"embeddable":true,"href":"https:\/\/linitiative.ca\/International\/wp-json\/wp\/v2\/comments?post=67220"}],"version-history":[{"count":0,"href":"https:\/\/linitiative.ca\/International\/wp-json\/wp\/v2\/posts\/67220\/revisions"}],"wp:attachment":[{"href":"https:\/\/linitiative.ca\/International\/wp-json\/wp\/v2\/media?parent=67220"}],"wp:term":[{"taxonomy":"category","embeddable":true,"href":"https:\/\/linitiative.ca\/International\/wp-json\/wp\/v2\/categories?post=67220"},{"taxonomy":"post_tag","embeddable":true,"href":"https:\/\/linitiative.ca\/International\/wp-json\/wp\/v2\/tags?post=67220"}],"curies":[{"name":"wp","href":"https:\/\/api.w.org\/{rel}","templated":true}]}}