{"id":67223,"date":"2019-11-12T06:43:30","date_gmt":"2019-11-12T11:43:30","guid":{"rendered":"https:\/\/linitiative.ca\/International\/lhiver-sinstalle-froid-et-vent-avec-pluies-importantes\/"},"modified":"2019-11-12T06:43:30","modified_gmt":"2019-11-12T11:43:30","slug":"lhiver-sinstalle-froid-et-vent-avec-pluies-importantes","status":"publish","type":"post","link":"https:\/\/linitiative.ca\/International\/lhiver-sinstalle-froid-et-vent-avec-pluies-importantes\/","title":{"rendered":"L\u2019hiver s\u2019installe : Froid et vent avec pluies importantes"},"content":{"rendered":"<p>Un temps froid et nuageux persiste, mardi, sur l\u2019ensemble du pays, avec pluies temporairement orageuses. Ces pluies seront parfois intenses et en quantit\u00e9s localement importantes sur le nord et la r\u00e9gion du Sahel.<\/p>\n<p>Des chutes de gr\u00eale et des coups de foudre seront observ\u00e9s par endroits.<\/p>\n<p>Vent de secteur Ouest tr\u00e8s fort de 60 \u00e0 80 km\/h, atteignant 100 km\/h en rafales pr\u00e8s des c\u00f4tes et sur les hauteurs, assez fort \u00e0 fort de 40 \u00e0 60 km\/h sur le reste du pays.<\/p>\n<p>Mer tr\u00e8s forte \u00e0 grosse dans le nord et forte \u00e0 tr\u00e8s forte ailleurs.<\/p>\n<p>Les temp\u00e9ratures demeurant basses avec des maximales situ\u00e9es entre 12 et 17\u00b0C et voisines de 07\u00b0C sur les hauteurs ouest.<\/p>\n<p>Pr\u00e9visions pour mercredi 13 novembre 2019<\/p>\n<p>Temps parfois nuageux avec pluies isol\u00e9es sur le nord et des passages nuageux ailleurs.<\/p>\n<p>Vent de secteur Ouest, fort de 40 \u00e0 60 km\/h pr\u00e8s des c\u00f4tes et mod\u00e9r\u00e9 de 20 \u00e0 30 km\/h \u00e0 l\u2019int\u00e9rieur du pays. Mer forte. Les temp\u00e9ratures seront relativement en hausse, les maximales seront comprises entre 15 et 20\u00b0C et voisines de 12\u00b0C sur les hauteurs ouest.<\/p>\n<p class=\"dpsp-share-text\">Partager c&rsquo;est aimer!<\/p>\n<div class=\"wp-post-author-wrap wp-post-author-shortcode left\">\n<h3 class=\"awpa-title\"\/>\n<div class=\"wp-post-author\">\n<div class=\"awpa-img awpa-author-block square\"><a href=\"http:\/\/lexpertjournal.net\/fr\/author\/expert\/\"><img loading=\"lazy\" decoding=\"async\" alt=\"\" src=\"http:\/\/2.gravatar.com\/avatar\/56d99be2a6f97af88ccb49fada637fcd?s=150&#038;d=mm&#038;r=g\" srcset=\"http:\/\/2.gravatar.com\/avatar\/56d99be2a6f97af88ccb49fada637fcd?s=300&#038;d=mm&#038;r=g 2x\" class=\"avatar avatar-150 photo\" height=\"150\" width=\"150\"\/><\/a><\/div>\n<\/div>\n<\/div>\n<p>Auteur: L&rsquo;expert<br \/>\n<a href=\"http:\/\/lexpertjournal.net\/fr\/2019\/11\/12\/lhiver-sinstalle-froid-et-vent-avec-pluies-importantes\/\">Cliquez ici pour lire l&rsquo;article depuis sa source.<\/a><\/p>\n","protected":false},"excerpt":{"rendered":"<p>Un temps froid et nuageux persiste, mardi, sur l\u2019ensemble du pays, avec pluies temporairement orageuses. Ces pluies seront parfois intenses et en quantit\u00e9s localement importantes sur le nord et la r\u00e9gion du Sahel. Des chutes de gr\u00eale et des coups de foudre seront observ\u00e9s par endroits. Vent de secteur Ouest tr\u00e8s fort de 60 \u00e0 [&hellip;]<\/p>\n","protected":false},"author":1775,"featured_media":0,"comment_status":"closed","ping_status":"closed","sticky":false,"template":"","format":"standard","meta":{"fifu_image_url":"","fifu_image_alt":"","footnotes":""},"categories":[78,55],"tags":[],"class_list":["post-67223","post","type-post","status-publish","format-standard","hentry","category-economie","category-tunisie"],"_links":{"self":[{"href":"https:\/\/linitiative.ca\/International\/wp-json\/wp\/v2\/posts\/67223","targetHints":{"allow":["GET"]}}],"collection":[{"href":"https:\/\/linitiative.ca\/International\/wp-json\/wp\/v2\/posts"}],"about":[{"href":"https:\/\/linitiative.ca\/International\/wp-json\/wp\/v2\/types\/post"}],"author":[{"embeddable":true,"href":"https:\/\/linitiative.ca\/International\/wp-json\/wp\/v2\/users\/1775"}],"replies":[{"embeddable":true,"href":"https:\/\/linitiative.ca\/International\/wp-json\/wp\/v2\/comments?post=67223"}],"version-history":[{"count":0,"href":"https:\/\/linitiative.ca\/International\/wp-json\/wp\/v2\/posts\/67223\/revisions"}],"wp:attachment":[{"href":"https:\/\/linitiative.ca\/International\/wp-json\/wp\/v2\/media?parent=67223"}],"wp:term":[{"taxonomy":"category","embeddable":true,"href":"https:\/\/linitiative.ca\/International\/wp-json\/wp\/v2\/categories?post=67223"},{"taxonomy":"post_tag","embeddable":true,"href":"https:\/\/linitiative.ca\/International\/wp-json\/wp\/v2\/tags?post=67223"}],"curies":[{"name":"wp","href":"https:\/\/api.w.org\/{rel}","templated":true}]}}