{"id":67224,"date":"2019-11-12T08:18:11","date_gmt":"2019-11-12T13:18:11","guid":{"rendered":"https:\/\/linitiative.ca\/International\/eventuel-retour-de-terroristes-le-syndicat-de-laeroport-denfidha-dement\/"},"modified":"2019-11-12T08:18:11","modified_gmt":"2019-11-12T13:18:11","slug":"eventuel-retour-de-terroristes-le-syndicat-de-laeroport-denfidha-dement","status":"publish","type":"post","link":"https:\/\/linitiative.ca\/International\/eventuel-retour-de-terroristes-le-syndicat-de-laeroport-denfidha-dement\/","title":{"rendered":"Eventuel retour de terroristes :  Le syndicat de l\u2019a\u00e9roport d\u2019Enfidha d\u00e9ment"},"content":{"rendered":"<p>Le syndicat de la police des fronti\u00e8res bas\u00e9e \u00e0 l\u2019a\u00e9roport d\u2019Enfidha-Hammamet a d\u00e9menti, lundi, les informations relay\u00e9es sur les r\u00e9seaux sociaux autour d\u2019un \u00e9ventuel rapatriement par la Turquie d\u2019\u00e9l\u00e9ments terroristes tunisiens ayant combattu dans les rangs du groupe \u00ab Daesh \u00bb et qui devraient d\u00e9barquer en Tunisie \u00e0 partir de l\u2019a\u00e9roport d\u2019Enfidha.<\/p>\n<p>Le syndicat pr\u00e9cise qu\u2019il s\u2019agit de \u00ab rumeurs mensong\u00e8res qui circulent en vue d\u2019exacerber les tensions \u00bb, affirmant la d\u00e9termination in\u00e9branlable des unit\u00e9s de la police aux fronti\u00e8res dans les a\u00e9roports et les passages frontaliers de la Tunisie, \u00e0 \u0153uvrer aux c\u00f4t\u00e9s des toutes les unit\u00e9s des diff\u00e9rents corps de s\u00e9curit\u00e9, \u00e0 prot\u00e9ger la patrie et \u00e0 d\u00e9fendre l\u2019int\u00e9grit\u00e9 de son territoire.<\/p>\n<p>Le minist\u00e8re de l\u2019Int\u00e9rieur avait d\u00e9menti, lundi, les informations relay\u00e9es sur un \u00e9ventuel retour, en Tunisie, d\u2019\u00e9l\u00e9ments ayant appartenu \u00e0 des groupes terroristes, les qualifiant de \u00ab sans fondement \u00bb.<\/p>\n<p>\u00ab Ces informations sont susceptibles de semer le trouble parmi l\u2019opinion publique \u00bb, ajoute la m\u00eame source, pr\u00e9cisant que toute personne dont l\u2019appartenance \u00e0 un groupe terroriste ou la participation \u00e0 des attaques terroristes a \u00e9t\u00e9 \u00e9tablie sera automatiquement soumise aux autorit\u00e9s judiciaires comp\u00e9tentes d\u00e8s son retour.<\/p>\n<p>Des informations ont r\u00e9cemment circul\u00e9 sur les r\u00e9seaux sociaux et certains sites d\u2019information tunisiens et \u00e9trangers sur le retour d\u2019\u00e9l\u00e9ments ayant appartenu \u00e0 des groupes terroristes ou particip\u00e9 \u00e0 des attaques terroristes dans les zones de tension.<\/p>\n<p>La Turquie a commenc\u00e9, lundi, \u00e0 renvoyer dans leur pays d\u2019origine des jihadistes \u00e9trangers membres de l\u2019organisation Etat islamique, incarc\u00e9r\u00e9s dans ses prisons.<\/p>\n<p class=\"dpsp-share-text\">Partager c&rsquo;est aimer!<\/p>\n<div class=\"wp-post-author-wrap wp-post-author-shortcode left\">\n<h3 class=\"awpa-title\"\/>\n<div class=\"wp-post-author\">\n<div class=\"awpa-img awpa-author-block square\"><a href=\"http:\/\/lexpertjournal.net\/fr\/author\/expert\/\"><img loading=\"lazy\" decoding=\"async\" alt=\"\" src=\"http:\/\/2.gravatar.com\/avatar\/56d99be2a6f97af88ccb49fada637fcd?s=150&#038;d=mm&#038;r=g\" srcset=\"http:\/\/2.gravatar.com\/avatar\/56d99be2a6f97af88ccb49fada637fcd?s=300&#038;d=mm&#038;r=g 2x\" class=\"avatar avatar-150 photo\" height=\"150\" width=\"150\"\/><\/a><\/div>\n<\/div>\n<\/div>\n<p>Auteur: L&rsquo;expert<br \/>\n<a href=\"http:\/\/lexpertjournal.net\/fr\/2019\/11\/12\/eventuel-retour-de-terroristes-le-syndicat-de-laeroport-denfidha-dement\/\">Cliquez ici pour lire l&rsquo;article depuis sa source.<\/a><\/p>\n","protected":false},"excerpt":{"rendered":"<p>Le syndicat de la police des fronti\u00e8res bas\u00e9e \u00e0 l\u2019a\u00e9roport d\u2019Enfidha-Hammamet a d\u00e9menti, lundi, les informations relay\u00e9es sur les r\u00e9seaux sociaux autour d\u2019un \u00e9ventuel rapatriement par la Turquie d\u2019\u00e9l\u00e9ments terroristes tunisiens ayant combattu dans les rangs du groupe \u00ab Daesh \u00bb et qui devraient d\u00e9barquer en Tunisie \u00e0 partir de l\u2019a\u00e9roport d\u2019Enfidha. Le syndicat pr\u00e9cise [&hellip;]<\/p>\n","protected":false},"author":1775,"featured_media":0,"comment_status":"closed","ping_status":"closed","sticky":false,"template":"","format":"standard","meta":{"fifu_image_url":"","fifu_image_alt":"","footnotes":""},"categories":[78,55],"tags":[],"class_list":["post-67224","post","type-post","status-publish","format-standard","hentry","category-economie","category-tunisie"],"_links":{"self":[{"href":"https:\/\/linitiative.ca\/International\/wp-json\/wp\/v2\/posts\/67224","targetHints":{"allow":["GET"]}}],"collection":[{"href":"https:\/\/linitiative.ca\/International\/wp-json\/wp\/v2\/posts"}],"about":[{"href":"https:\/\/linitiative.ca\/International\/wp-json\/wp\/v2\/types\/post"}],"author":[{"embeddable":true,"href":"https:\/\/linitiative.ca\/International\/wp-json\/wp\/v2\/users\/1775"}],"replies":[{"embeddable":true,"href":"https:\/\/linitiative.ca\/International\/wp-json\/wp\/v2\/comments?post=67224"}],"version-history":[{"count":0,"href":"https:\/\/linitiative.ca\/International\/wp-json\/wp\/v2\/posts\/67224\/revisions"}],"wp:attachment":[{"href":"https:\/\/linitiative.ca\/International\/wp-json\/wp\/v2\/media?parent=67224"}],"wp:term":[{"taxonomy":"category","embeddable":true,"href":"https:\/\/linitiative.ca\/International\/wp-json\/wp\/v2\/categories?post=67224"},{"taxonomy":"post_tag","embeddable":true,"href":"https:\/\/linitiative.ca\/International\/wp-json\/wp\/v2\/tags?post=67224"}],"curies":[{"name":"wp","href":"https:\/\/api.w.org\/{rel}","templated":true}]}}