{"id":67225,"date":"2019-11-12T08:30:54","date_gmt":"2019-11-12T13:30:54","guid":{"rendered":"https:\/\/linitiative.ca\/International\/justice-prolongation-de-la-garde-a-vue-de-sami-fehri-et-des-deux-co-accuses\/"},"modified":"2019-11-12T08:30:54","modified_gmt":"2019-11-12T13:30:54","slug":"justice-prolongation-de-la-garde-a-vue-de-sami-fehri-et-des-deux-co-accuses","status":"publish","type":"post","link":"https:\/\/linitiative.ca\/International\/justice-prolongation-de-la-garde-a-vue-de-sami-fehri-et-des-deux-co-accuses\/","title":{"rendered":"Justice : Prolongation de la garde \u00e0 vue de Sami Fehri et des deux co-accus\u00e9s"},"content":{"rendered":"<p>Le parquet relevant du P\u00f4le judiciaire \u00e9conomique et financier de la brigade \u00e9conomique et financi\u00e8re a d\u00e9cid\u00e9 la prolongation de la garde \u00e0 vue du producteur pr\u00e9sentateur Sami Fehri, de la mandataire judiciaire de Cactus Prod et l\u2019agent de la soci\u00e9t\u00e9.<\/p>\n<p>La prolongation de la garde \u00e0 vue pour une dur\u00e9e de cinq jours commence \u00e0 partir de dimanche, a d\u00e9clar\u00e9 lundi \u00e0 l\u2019agence TAP, le porte-parole du P\u00f4le, Sofiene Selliti.<\/p>\n<p>Le parquet avait d\u00e9cid\u00e9 mardi 5 novembre de placer Sami Fehri et ses collaborateurs en garde \u00e0 vue pour une dur\u00e9e de 5 jours. Ces derniers ont \u00e9t\u00e9 arr\u00eat\u00e9s pour suspicion de corruption impliquant notamment la mandataire judiciaire de la soci\u00e9t\u00e9 confisqu\u00e9e (Cactus Prod) \u00e0 travers la signature de contrats en infraction avec les r\u00e9glementations en vigueur.<\/p>\n<p>Le 29 octobre dernier, le parquet pr\u00e8s le P\u00f4le judiciaire \u00e9conomique et financier avait d\u00e9cid\u00e9 d\u2019\u00e9mettre une interdiction de voyage \u00e0 l\u2019encontre de la mandataire judiciaire de la soci\u00e9t\u00e9, du producteur pr\u00e9sentateur Sami Fehri et de son \u00e9pouse.<\/p>\n<p>Cette d\u00e9cision a \u00e9t\u00e9 prise apr\u00e8s l\u2019avancement de l\u2019enqu\u00eate dont s\u2019est saisi le parquet du P\u00f4le suite \u00e0 la plainte d\u00e9pos\u00e9e par le Charg\u00e9 du contentieux de l\u2019Etat contre le minist\u00e8re des finances et plus pr\u00e9cis\u00e9ment la Commission nationale de gestion des biens confisqu\u00e9s, avait indiqu\u00e9 Sofiene Selliti dans une d\u00e9claration pr\u00e9c\u00e9dente.<\/p>\n<p class=\"dpsp-share-text\">Partager c&rsquo;est aimer!<\/p>\n<div class=\"wp-post-author-wrap wp-post-author-shortcode left\">\n<h3 class=\"awpa-title\"\/>\n<div class=\"wp-post-author\">\n<div class=\"awpa-img awpa-author-block square\"><a href=\"http:\/\/lexpertjournal.net\/fr\/author\/expert\/\"><img loading=\"lazy\" decoding=\"async\" alt=\"\" src=\"http:\/\/2.gravatar.com\/avatar\/56d99be2a6f97af88ccb49fada637fcd?s=150&#038;d=mm&#038;r=g\" srcset=\"http:\/\/2.gravatar.com\/avatar\/56d99be2a6f97af88ccb49fada637fcd?s=300&#038;d=mm&#038;r=g 2x\" class=\"avatar avatar-150 photo\" height=\"150\" width=\"150\"\/><\/a><\/div>\n<\/div>\n<\/div>\n<p>Auteur: L&rsquo;expert<br \/>\n<a href=\"http:\/\/lexpertjournal.net\/fr\/2019\/11\/12\/justice-prolongation-de-la-garde-a-vue-de-sami-fehri-et-des-deux-co-accuses\/\">Cliquez ici pour lire l&rsquo;article depuis sa source.<\/a><\/p>\n","protected":false},"excerpt":{"rendered":"<p>Le parquet relevant du P\u00f4le judiciaire \u00e9conomique et financier de la brigade \u00e9conomique et financi\u00e8re a d\u00e9cid\u00e9 la prolongation de la garde \u00e0 vue du producteur pr\u00e9sentateur Sami Fehri, de la mandataire judiciaire de Cactus Prod et l\u2019agent de la soci\u00e9t\u00e9. La prolongation de la garde \u00e0 vue pour une dur\u00e9e de cinq jours commence [&hellip;]<\/p>\n","protected":false},"author":1775,"featured_media":0,"comment_status":"closed","ping_status":"closed","sticky":false,"template":"","format":"standard","meta":{"fifu_image_url":"","fifu_image_alt":"","footnotes":""},"categories":[78,55],"tags":[],"class_list":["post-67225","post","type-post","status-publish","format-standard","hentry","category-economie","category-tunisie"],"_links":{"self":[{"href":"https:\/\/linitiative.ca\/International\/wp-json\/wp\/v2\/posts\/67225","targetHints":{"allow":["GET"]}}],"collection":[{"href":"https:\/\/linitiative.ca\/International\/wp-json\/wp\/v2\/posts"}],"about":[{"href":"https:\/\/linitiative.ca\/International\/wp-json\/wp\/v2\/types\/post"}],"author":[{"embeddable":true,"href":"https:\/\/linitiative.ca\/International\/wp-json\/wp\/v2\/users\/1775"}],"replies":[{"embeddable":true,"href":"https:\/\/linitiative.ca\/International\/wp-json\/wp\/v2\/comments?post=67225"}],"version-history":[{"count":0,"href":"https:\/\/linitiative.ca\/International\/wp-json\/wp\/v2\/posts\/67225\/revisions"}],"wp:attachment":[{"href":"https:\/\/linitiative.ca\/International\/wp-json\/wp\/v2\/media?parent=67225"}],"wp:term":[{"taxonomy":"category","embeddable":true,"href":"https:\/\/linitiative.ca\/International\/wp-json\/wp\/v2\/categories?post=67225"},{"taxonomy":"post_tag","embeddable":true,"href":"https:\/\/linitiative.ca\/International\/wp-json\/wp\/v2\/tags?post=67225"}],"curies":[{"name":"wp","href":"https:\/\/api.w.org\/{rel}","templated":true}]}}