{"id":67226,"date":"2019-11-12T09:37:50","date_gmt":"2019-11-12T14:37:50","guid":{"rendered":"https:\/\/linitiative.ca\/International\/nouvelle-legislature-le-pdl-reclame-une-prestation-de-serment-individuelle\/"},"modified":"2019-11-12T09:37:50","modified_gmt":"2019-11-12T14:37:50","slug":"nouvelle-legislature-le-pdl-reclame-une-prestation-de-serment-individuelle","status":"publish","type":"post","link":"https:\/\/linitiative.ca\/International\/nouvelle-legislature-le-pdl-reclame-une-prestation-de-serment-individuelle\/","title":{"rendered":"Nouvelle l\u00e9gislature : Le PDL r\u00e9clame une prestation de serment individuelle"},"content":{"rendered":"<p>Le parti destourien libre demande \u00e0 ce que la prestation de serment des d\u00e9put\u00e9s lors de la s\u00e9ance inaugurale de la nouvelle l\u00e9gislature de l\u2019Assembl\u00e9e des Repr\u00e9sentants du peuple se d\u00e9roule de mani\u00e8re individuelle et non collective, conform\u00e9ment \u00e0 l\u2019article 58 de la Constitution.<\/p>\n<p>Dans une lettre adress\u00e9e au pr\u00e9sident de l\u2019ARP par int\u00e9rim, le PDL pr\u00e9cise que l\u2019article 58 de la Constitution de 2014 pr\u00e9voit que lors de la prise de ses fonctions, chaque membre de l\u2019Assembl\u00e9e des repr\u00e9sentants du peuple pr\u00eate le serment suivant : \u00bbJe jure par Dieu Tout-puissant de servir la nation loyalement et de respecter la Constitution et l\u2019all\u00e9geance totale envers la Tunisie \u00bb.<\/p>\n<p>Selon le PDL, le parlement a rapport\u00e9, sur son site, que la prestation de serment des d\u00e9put\u00e9s sera de mani\u00e8re collective.<\/p>\n<p>Aux l\u00e9gislatives d\u2019octobre 2019, le Parti destourien libre a obtenu 17 si\u00e8ges.<\/p>\n<p>La s\u00e9ance inaugurale de la nouvelle l\u00e9gislature 2019\/2024 se tient mercredi 13 novembre 2019. Elle sera marqu\u00e9e par la prestation de serment des d\u00e9put\u00e9s et l\u2019\u00e9lection du pr\u00e9sident du parlement et de ses deux vice-pr\u00e9sidents.<\/p>\n<p class=\"dpsp-share-text\">Partager c&rsquo;est aimer!<\/p>\n<div class=\"wp-post-author-wrap wp-post-author-shortcode left\">\n<h3 class=\"awpa-title\"\/>\n<div class=\"wp-post-author\">\n<div class=\"awpa-img awpa-author-block square\"><a href=\"http:\/\/lexpertjournal.net\/fr\/author\/expert\/\"><img loading=\"lazy\" decoding=\"async\" alt=\"\" src=\"http:\/\/2.gravatar.com\/avatar\/56d99be2a6f97af88ccb49fada637fcd?s=150&#038;d=mm&#038;r=g\" srcset=\"http:\/\/2.gravatar.com\/avatar\/56d99be2a6f97af88ccb49fada637fcd?s=300&#038;d=mm&#038;r=g 2x\" class=\"avatar avatar-150 photo\" height=\"150\" width=\"150\"\/><\/a><\/div>\n<\/div>\n<\/div>\n<p>Auteur: L&rsquo;expert<br \/>\n<a href=\"http:\/\/lexpertjournal.net\/fr\/2019\/11\/12\/nouvelle-legislature-le-pdl-reclame-une-prestation-de-serment-individuelle\/\">Cliquez ici pour lire l&rsquo;article depuis sa source.<\/a><\/p>\n","protected":false},"excerpt":{"rendered":"<p>Le parti destourien libre demande \u00e0 ce que la prestation de serment des d\u00e9put\u00e9s lors de la s\u00e9ance inaugurale de la nouvelle l\u00e9gislature de l\u2019Assembl\u00e9e des Repr\u00e9sentants du peuple se d\u00e9roule de mani\u00e8re individuelle et non collective, conform\u00e9ment \u00e0 l\u2019article 58 de la Constitution. Dans une lettre adress\u00e9e au pr\u00e9sident de l\u2019ARP par int\u00e9rim, le [&hellip;]<\/p>\n","protected":false},"author":1775,"featured_media":0,"comment_status":"closed","ping_status":"closed","sticky":false,"template":"","format":"standard","meta":{"fifu_image_url":"","fifu_image_alt":"","footnotes":""},"categories":[78,55],"tags":[],"class_list":["post-67226","post","type-post","status-publish","format-standard","hentry","category-economie","category-tunisie"],"_links":{"self":[{"href":"https:\/\/linitiative.ca\/International\/wp-json\/wp\/v2\/posts\/67226","targetHints":{"allow":["GET"]}}],"collection":[{"href":"https:\/\/linitiative.ca\/International\/wp-json\/wp\/v2\/posts"}],"about":[{"href":"https:\/\/linitiative.ca\/International\/wp-json\/wp\/v2\/types\/post"}],"author":[{"embeddable":true,"href":"https:\/\/linitiative.ca\/International\/wp-json\/wp\/v2\/users\/1775"}],"replies":[{"embeddable":true,"href":"https:\/\/linitiative.ca\/International\/wp-json\/wp\/v2\/comments?post=67226"}],"version-history":[{"count":0,"href":"https:\/\/linitiative.ca\/International\/wp-json\/wp\/v2\/posts\/67226\/revisions"}],"wp:attachment":[{"href":"https:\/\/linitiative.ca\/International\/wp-json\/wp\/v2\/media?parent=67226"}],"wp:term":[{"taxonomy":"category","embeddable":true,"href":"https:\/\/linitiative.ca\/International\/wp-json\/wp\/v2\/categories?post=67226"},{"taxonomy":"post_tag","embeddable":true,"href":"https:\/\/linitiative.ca\/International\/wp-json\/wp\/v2\/tags?post=67226"}],"curies":[{"name":"wp","href":"https:\/\/api.w.org\/{rel}","templated":true}]}}