{"id":67228,"date":"2019-11-12T13:04:21","date_gmt":"2019-11-12T18:04:21","guid":{"rendered":"https:\/\/linitiative.ca\/International\/10e-fica-le-silence-des-autres-un-film-contre-loubli-du-franquisme-et-de-ses-derives\/"},"modified":"2019-11-12T13:04:21","modified_gmt":"2019-11-12T18:04:21","slug":"10e-fica-le-silence-des-autres-un-film-contre-loubli-du-franquisme-et-de-ses-derives","status":"publish","type":"post","link":"https:\/\/linitiative.ca\/International\/10e-fica-le-silence-des-autres-un-film-contre-loubli-du-franquisme-et-de-ses-derives\/","title":{"rendered":"10e Fica: \u00ab\u00a0Le silence des autres\u00a0\u00bb, un film contre l&rsquo;oubli du franquisme et de ses d\u00e9rives"},"content":{"rendered":"<div readability=\"37\">\n<p><strong>ALGER &#8211; Le long m\u00e9trage documentaire \u00ab\u00a0Le silence des autres\u00a0\u00bb, d\u00e9di\u00e9 au long combat judiciaire de rescap\u00e9s du franquisme pour faire condamner des tortionnaires amnisti\u00e9s, cor\u00e9alis\u00e9 par l&rsquo;Espagnole Almudena Carracedo et l&rsquo;Am\u00e9ricain Robert Bahar, a \u00e9t\u00e9 projet\u00e9 au public lundi \u00e0 Alger.<\/strong><\/p>\n<\/div>\n<div readability=\"95\">\n<p>D&rsquo;une dur\u00e9e de 95mn, ce documentaire est en comp\u00e9tition au 10e Festival international du cin\u00e9ma d&rsquo;Alger (Fica), d\u00e9di\u00e9 au film engag\u00e9, qui se tient depuis jeudi dans les salles de l&rsquo;Office Ryadh El Feth.<\/p>\n<p>Sorti en 2018, le film traite du combat pr\u00e9sent des victimes et de leurs descendants pour rendre caduque la loi de 1977, accordant l&rsquo;amnistie g\u00e9n\u00e9rale aux franquistes et qui avait \u00e9t\u00e9 vot\u00e9e dans l&rsquo;urgence de la transition d\u00e9mocratique.<\/p>\n<p>L&rsquo;existence de cette loi en Espagne a contraint les victimes \u00e0 se tourner vers la justice argentine.<\/p>\n<p>\u00ab\u00a0Au nom de l&rsquo;universalit\u00e9 des droits de l&rsquo;Homme\u00a0\u00bb, deux plaignants espagnols saisissent les juges argentins contre des ressortissants espagnols. Jug\u00e9e recevable, cette plainte a encourag\u00e9 d&rsquo;autres victimes et leurs h\u00e9ritiers \u00e0 s&rsquo;organiser pour attirer l&rsquo;attention des m\u00e9dias en Argentine comme en Espagne.<\/p>\n<p>L&rsquo;\u00e2ge des victimes transforme ce combat en course contre la montre et de nombreux enfants de victimes, aujourd&rsquo;hui \u00e2g\u00e9es de plus de 80 ans pour certains, se battent toujours pour restituer les restes mortuaires de leurs parents enterr\u00e9s dans des fosses communes.<\/p>\n<p>Ce dossier rel\u00e8ve de proc\u00e9dures d&rsquo;extradition d&rsquo;anciens officiers franquistes accus\u00e9s d&rsquo;ex\u00e9cutions sommaires, de vol de b\u00e9b\u00e9, ou encore de torture, en Argentine pour y \u00eatre jug\u00e9e. Il se r\u00e9v\u00e8le compliqu\u00e9 en raison des longues enqu\u00eates judicaires n\u00e9cessitant le d\u00e9placement de juges et de victimes entre les deux pays.<\/p>\n<p>Le film restitue \u00e9galement les t\u00e9moignages poignants de victimes, d\u00e9cid\u00e9es \u00e0 s&rsquo;unir pour rompre le \u00ab\u00a0pacte de l&rsquo;oubli\u00a0\u00bb et faire abroger la loi de 1977.<\/p>\n<p>Si la justice argentine n&rsquo;a pas r\u00e9ussi jusque-l\u00e0 \u00e0 faire extrader les anciens tortionnaires franquistes, l&rsquo;instruction judicaire enclench\u00e9e hors Espagne-une premi\u00e8re- a permis de tirer de l&rsquo;oubli la sombre histoire du franquisme pour rouvrir ses pages les plus douloureuses.\u00a0<\/p>\n<p>L&rsquo;ouverture d&rsquo;une fosse commune reste parmi les s\u00e9quences les plus insoutenables du film: la cam\u00e9ra accompagne l&rsquo;op\u00e9ration de recherches de restes de victimes, sous le regard d&rsquo;une dame de 88 ans, venue d&rsquo;Argentine pour r\u00e9cup\u00e9rer les ossements de son p\u00e8re, et en pr\u00e9sence de descendants de victimes enterr\u00e9es, elles, sous une autoroute.<\/p>\n<p>Face \u00e0 la cam\u00e9ra, les plus jeunes victimes du franquisme confient \u00ab\u00a0avoir pardonn\u00e9 sans jamais oublier\u00a0\u00bb, mais refusent \u00ab\u00a0une amnistie sans justice\u00a0\u00bb.<\/p>\n<p>Inaugur\u00e9 jeudi, le 10e Fica se poursuit jusqu&rsquo;au 16 novembre avec au programme de la comp\u00e9tition documentaire deux autres films retenus dans cette cat\u00e9gorie.<\/p>\n<\/div>\n<p>Auteur:<br \/>\n<a href=\"http:\/\/www.aps.dz\/culture\/97333-10e-fica-le-silence-des-autres-un-film-contre-l-oubli-du-franquisme-et-de-ses-derives\">Cliquez ici pour lire l&rsquo;article depuis sa source.<\/a><\/p>\n","protected":false},"excerpt":{"rendered":"<p>ALGER &#8211; Le long m\u00e9trage documentaire \u00ab\u00a0Le silence des autres\u00a0\u00bb, d\u00e9di\u00e9 au long combat judiciaire de rescap\u00e9s du franquisme pour faire condamner des tortionnaires amnisti\u00e9s, cor\u00e9alis\u00e9 par l&rsquo;Espagnole Almudena Carracedo et l&rsquo;Am\u00e9ricain Robert Bahar, a \u00e9t\u00e9 projet\u00e9 au public lundi \u00e0 Alger. D&rsquo;une dur\u00e9e de 95mn, ce documentaire est en comp\u00e9tition au 10e Festival international [&hellip;]<\/p>\n","protected":false},"author":1790,"featured_media":0,"comment_status":"closed","ping_status":"closed","sticky":false,"template":"","format":"standard","meta":{"fifu_image_url":"","fifu_image_alt":"","footnotes":""},"categories":[53,79],"tags":[],"class_list":["post-67228","post","type-post","status-publish","format-standard","hentry","category-algerie","category-culture"],"_links":{"self":[{"href":"https:\/\/linitiative.ca\/International\/wp-json\/wp\/v2\/posts\/67228","targetHints":{"allow":["GET"]}}],"collection":[{"href":"https:\/\/linitiative.ca\/International\/wp-json\/wp\/v2\/posts"}],"about":[{"href":"https:\/\/linitiative.ca\/International\/wp-json\/wp\/v2\/types\/post"}],"author":[{"embeddable":true,"href":"https:\/\/linitiative.ca\/International\/wp-json\/wp\/v2\/users\/1790"}],"replies":[{"embeddable":true,"href":"https:\/\/linitiative.ca\/International\/wp-json\/wp\/v2\/comments?post=67228"}],"version-history":[{"count":0,"href":"https:\/\/linitiative.ca\/International\/wp-json\/wp\/v2\/posts\/67228\/revisions"}],"wp:attachment":[{"href":"https:\/\/linitiative.ca\/International\/wp-json\/wp\/v2\/media?parent=67228"}],"wp:term":[{"taxonomy":"category","embeddable":true,"href":"https:\/\/linitiative.ca\/International\/wp-json\/wp\/v2\/categories?post=67228"},{"taxonomy":"post_tag","embeddable":true,"href":"https:\/\/linitiative.ca\/International\/wp-json\/wp\/v2\/tags?post=67228"}],"curies":[{"name":"wp","href":"https:\/\/api.w.org\/{rel}","templated":true}]}}