{"id":67232,"date":"2019-11-12T05:00:00","date_gmt":"2019-11-12T10:00:00","guid":{"rendered":"https:\/\/linitiative.ca\/International\/lorsque-la-france-exportait-sa-misere-en-algerie\/"},"modified":"2019-11-12T05:00:00","modified_gmt":"2019-11-12T10:00:00","slug":"lorsque-la-france-exportait-sa-misere-en-algerie","status":"publish","type":"post","link":"https:\/\/linitiative.ca\/International\/lorsque-la-france-exportait-sa-misere-en-algerie\/","title":{"rendered":"Lorsque la France exportait sa mis\u00e8re en Alg\u00e9rie"},"content":{"rendered":"<div id=\"originalText\" readability=\"55\">\n<p>Un livre s\u2019inspirant des premiers d\u00e9parts de colons fran\u00e7ais en Alg\u00e9rie, au plus fort de la r\u00e9volution de 1848, vient de para\u00eetre en France. Le premier convoi, dont l\u2019auteur n\u2019est autre que la linguiste et romanci\u00e8re fran\u00e7aise Mich\u00e8le Perret, native d\u2019Alg\u00e9rie en 1937, plus pr\u00e9cis\u00e9ment d\u2019Oran, a \u00e9t\u00e9 sorti par les \u00e9ditions Ch\u00e8vre feuille \u00e9toil\u00e9e.\u00a0 Pour l\u2019auteure, \u201cle d\u00e9part des premiers colons vers l&rsquo;Alg\u00e9rie, c&rsquo;est aussi le moment o\u00f9 la France exporte sa mis\u00e8re\u201d.<\/p>\n<p>L\u2019\u00e9crivaine raconte comment, fin juin 1848, les autorit\u00e9s fran\u00e7aises, qui avaient r\u00e9prim\u00e9 dans le sang une nouvelle insurrection populaire, avaient, \u201cpour se d\u00e9barrasser des fauteurs de troubles\u201d, propos\u00e9 \u00e0 ces derniers de cr\u00e9er des colonies agricoles en Alg\u00e9rie. C\u2019est ainsi que pour la seule ann\u00e9e en question, 17 convois avaient pris la mer pour l\u2019Alg\u00e9rie.<\/p>\n<\/div>\n<div id=\"text_core\" readability=\"55\">\n<p>Un livre s\u2019inspirant des premiers d\u00e9parts de colons fran\u00e7ais en Alg\u00e9rie, au plus fort de la r\u00e9volution de 1848, vient de para\u00eetre en France. Le premier convoi, dont l\u2019auteur n\u2019est autre que la linguiste et romanci\u00e8re fran\u00e7aise Mich\u00e8le Perret, native d\u2019Alg\u00e9rie en 1937, plus pr\u00e9cis\u00e9ment d\u2019Oran, a \u00e9t\u00e9 sorti par les \u00e9ditions Ch\u00e8vre feuille \u00e9toil\u00e9e.\u00a0 Pour l\u2019auteure, \u201cle d\u00e9part des premiers colons vers l&rsquo;Alg\u00e9rie, c&rsquo;est aussi le moment o\u00f9 la France exporte sa mis\u00e8re\u201d.<\/p>\n<p>L\u2019\u00e9crivaine raconte comment, fin juin 1848, les autorit\u00e9s fran\u00e7aises, qui avaient r\u00e9prim\u00e9 dans le sang une nouvelle insurrection populaire, avaient, \u201cpour se d\u00e9barrasser des fauteurs de troubles\u201d, propos\u00e9 \u00e0 ces derniers de cr\u00e9er des colonies agricoles en Alg\u00e9rie. C\u2019est ainsi que pour la seule ann\u00e9e en question, 17 convois avaient pris la mer pour l\u2019Alg\u00e9rie.<\/p>\n<\/div>\n<p>Auteur:<br \/>\n<a href=\"https:\/\/www.liberte-algerie.com\/radar\/lorsque-la-france-exportait-sa-misere-en-algerie-327850\">Cliquez ici pour lire l&rsquo;article depuis sa source.<\/a><\/p>\n","protected":false},"excerpt":{"rendered":"<p>Un livre s\u2019inspirant des premiers d\u00e9parts de colons fran\u00e7ais en Alg\u00e9rie, au plus fort de la r\u00e9volution de 1848, vient de para\u00eetre en France. Le premier convoi, dont l\u2019auteur n\u2019est autre que la linguiste et romanci\u00e8re fran\u00e7aise Mich\u00e8le Perret, native d\u2019Alg\u00e9rie en 1937, plus pr\u00e9cis\u00e9ment d\u2019Oran, a \u00e9t\u00e9 sorti par les \u00e9ditions Ch\u00e8vre feuille \u00e9toil\u00e9e.\u00a0 [&hellip;]<\/p>\n","protected":false},"author":1742,"featured_media":0,"comment_status":"closed","ping_status":"closed","sticky":false,"template":"","format":"standard","meta":{"fifu_image_url":"","fifu_image_alt":"","footnotes":""},"categories":[73,53],"tags":[],"class_list":["post-67232","post","type-post","status-publish","format-standard","hentry","category-actualite","category-algerie"],"_links":{"self":[{"href":"https:\/\/linitiative.ca\/International\/wp-json\/wp\/v2\/posts\/67232","targetHints":{"allow":["GET"]}}],"collection":[{"href":"https:\/\/linitiative.ca\/International\/wp-json\/wp\/v2\/posts"}],"about":[{"href":"https:\/\/linitiative.ca\/International\/wp-json\/wp\/v2\/types\/post"}],"author":[{"embeddable":true,"href":"https:\/\/linitiative.ca\/International\/wp-json\/wp\/v2\/users\/1742"}],"replies":[{"embeddable":true,"href":"https:\/\/linitiative.ca\/International\/wp-json\/wp\/v2\/comments?post=67232"}],"version-history":[{"count":0,"href":"https:\/\/linitiative.ca\/International\/wp-json\/wp\/v2\/posts\/67232\/revisions"}],"wp:attachment":[{"href":"https:\/\/linitiative.ca\/International\/wp-json\/wp\/v2\/media?parent=67232"}],"wp:term":[{"taxonomy":"category","embeddable":true,"href":"https:\/\/linitiative.ca\/International\/wp-json\/wp\/v2\/categories?post=67232"},{"taxonomy":"post_tag","embeddable":true,"href":"https:\/\/linitiative.ca\/International\/wp-json\/wp\/v2\/tags?post=67232"}],"curies":[{"name":"wp","href":"https:\/\/api.w.org\/{rel}","templated":true}]}}