{"id":67233,"date":"2019-11-12T05:00:00","date_gmt":"2019-11-12T10:00:00","guid":{"rendered":"https:\/\/linitiative.ca\/International\/le-portrait-du-president-chadli-parmi-les-objets-jetes\/"},"modified":"2019-11-12T05:00:00","modified_gmt":"2019-11-12T10:00:00","slug":"le-portrait-du-president-chadli-parmi-les-objets-jetes","status":"publish","type":"post","link":"https:\/\/linitiative.ca\/International\/le-portrait-du-president-chadli-parmi-les-objets-jetes\/","title":{"rendered":"Le portrait du pr\u00e9sident Chadli parmi les objets jet\u00e9s"},"content":{"rendered":"<div id=\"originalText\" readability=\"37\">\n<p>Les services d\u2019entretien au niveau de la facult\u00e9 centrale d\u2019Alger ne s\u2019encombrent pas du tri quand ils d\u00e9barrassent les objets (meubles et autres) hors d\u2019usage. C\u2019est ainsi que le portrait officiel du troisi\u00e8me pr\u00e9sident de la R\u00e9publique Chadli Bendjedid (1979-1992), aujourd\u2019hui d\u00e9c\u00e9d\u00e9, s\u2019est retrouv\u00e9 au milieu d\u2019un fatras d\u2019objets en tous genres.<\/p>\n<\/div>\n<div id=\"text_core\" readability=\"37\">\n<p>Les services d\u2019entretien au niveau de la facult\u00e9 centrale d\u2019Alger ne s\u2019encombrent pas du tri quand ils d\u00e9barrassent les objets (meubles et autres) hors d\u2019usage. C\u2019est ainsi que le portrait officiel du troisi\u00e8me pr\u00e9sident de la R\u00e9publique Chadli Bendjedid (1979-1992), aujourd\u2019hui d\u00e9c\u00e9d\u00e9, s\u2019est retrouv\u00e9 au milieu d\u2019un fatras d\u2019objets en tous genres.<\/p>\n<\/div>\n<p>Auteur:<br \/>\n<a href=\"https:\/\/www.liberte-algerie.com\/radar\/le-portrait-du-president-chadli-parmi-les-objets-jetes-327849\">Cliquez ici pour lire l&rsquo;article depuis sa source.<\/a><\/p>\n","protected":false},"excerpt":{"rendered":"<p>Les services d\u2019entretien au niveau de la facult\u00e9 centrale d\u2019Alger ne s\u2019encombrent pas du tri quand ils d\u00e9barrassent les objets (meubles et autres) hors d\u2019usage. C\u2019est ainsi que le portrait officiel du troisi\u00e8me pr\u00e9sident de la R\u00e9publique Chadli Bendjedid (1979-1992), aujourd\u2019hui d\u00e9c\u00e9d\u00e9, s\u2019est retrouv\u00e9 au milieu d\u2019un fatras d\u2019objets en tous genres. Les services d\u2019entretien [&hellip;]<\/p>\n","protected":false},"author":1742,"featured_media":0,"comment_status":"closed","ping_status":"closed","sticky":false,"template":"","format":"standard","meta":{"fifu_image_url":"","fifu_image_alt":"","footnotes":""},"categories":[73,53],"tags":[],"class_list":["post-67233","post","type-post","status-publish","format-standard","hentry","category-actualite","category-algerie"],"_links":{"self":[{"href":"https:\/\/linitiative.ca\/International\/wp-json\/wp\/v2\/posts\/67233","targetHints":{"allow":["GET"]}}],"collection":[{"href":"https:\/\/linitiative.ca\/International\/wp-json\/wp\/v2\/posts"}],"about":[{"href":"https:\/\/linitiative.ca\/International\/wp-json\/wp\/v2\/types\/post"}],"author":[{"embeddable":true,"href":"https:\/\/linitiative.ca\/International\/wp-json\/wp\/v2\/users\/1742"}],"replies":[{"embeddable":true,"href":"https:\/\/linitiative.ca\/International\/wp-json\/wp\/v2\/comments?post=67233"}],"version-history":[{"count":0,"href":"https:\/\/linitiative.ca\/International\/wp-json\/wp\/v2\/posts\/67233\/revisions"}],"wp:attachment":[{"href":"https:\/\/linitiative.ca\/International\/wp-json\/wp\/v2\/media?parent=67233"}],"wp:term":[{"taxonomy":"category","embeddable":true,"href":"https:\/\/linitiative.ca\/International\/wp-json\/wp\/v2\/categories?post=67233"},{"taxonomy":"post_tag","embeddable":true,"href":"https:\/\/linitiative.ca\/International\/wp-json\/wp\/v2\/tags?post=67233"}],"curies":[{"name":"wp","href":"https:\/\/api.w.org\/{rel}","templated":true}]}}