{"id":67234,"date":"2019-11-12T05:00:00","date_gmt":"2019-11-12T10:00:00","guid":{"rendered":"https:\/\/linitiative.ca\/International\/vu-a-tizi-ouzou\/"},"modified":"2019-11-12T05:00:00","modified_gmt":"2019-11-12T10:00:00","slug":"vu-a-tizi-ouzou","status":"publish","type":"post","link":"https:\/\/linitiative.ca\/International\/vu-a-tizi-ouzou\/","title":{"rendered":"Vu \u00e0 Tizi Ouzou"},"content":{"rendered":"<div id=\"originalText\" readability=\"48\">\n<p class=\"c6\">Lors de la visite, avant-hier, du ministre de l\u2019\u00c9nergie, Mohamed Arkab, et de celui de l\u2019Industrie, Mme Djamila Tamazirt, \u00e0 Tizi Ouzou pour proc\u00e9der \u00e0 la pose de la premi\u00e8re pierre du projet de construction d\u2019une usine alg\u00e9ro-indienne de fabrication de transformateurs de grande puissance, le portrait du chef de l\u2019\u00c9tat, Abdelkader Bensalah, s\u2019est bizarrement retrouv\u00e9 par terre, derri\u00e8re le panneau r\u00e9serv\u00e9 \u00e0 la fiche technique du projet.<\/p>\n<p class=\"c6\">Cet incident protocolaire est pourtant pass\u00e9 inaper\u00e7u lors de cette c\u00e9r\u00e9monie officielle o\u00f9 aucun autre portrait de Bensalah n\u2019a \u00e9t\u00e9 accroch\u00e9.\u00a0<\/p>\n<\/div>\n<div id=\"text_core\" readability=\"48\">\n<p class=\"c6\">Lors de la visite, avant-hier, du ministre de l\u2019\u00c9nergie, Mohamed Arkab, et de celui de l\u2019Industrie, Mme Djamila Tamazirt, \u00e0 Tizi Ouzou pour proc\u00e9der \u00e0 la pose de la premi\u00e8re pierre du projet de construction d\u2019une usine alg\u00e9ro-indienne de fabrication de transformateurs de grande puissance, le portrait du chef de l\u2019\u00c9tat, Abdelkader Bensalah, s\u2019est bizarrement retrouv\u00e9 par terre, derri\u00e8re le panneau r\u00e9serv\u00e9 \u00e0 la fiche technique du projet.<\/p>\n<p class=\"c6\">Cet incident protocolaire est pourtant pass\u00e9 inaper\u00e7u lors de cette c\u00e9r\u00e9monie officielle o\u00f9 aucun autre portrait de Bensalah n\u2019a \u00e9t\u00e9 accroch\u00e9.\u00a0<\/p>\n<\/div>\n<p>Auteur:<br \/>\n<a href=\"https:\/\/www.liberte-algerie.com\/radar\/vu-a-tizi-ouzou-327848\">Cliquez ici pour lire l&rsquo;article depuis sa source.<\/a><\/p>\n","protected":false},"excerpt":{"rendered":"<p>Lors de la visite, avant-hier, du ministre de l\u2019\u00c9nergie, Mohamed Arkab, et de celui de l\u2019Industrie, Mme Djamila Tamazirt, \u00e0 Tizi Ouzou pour proc\u00e9der \u00e0 la pose de la premi\u00e8re pierre du projet de construction d\u2019une usine alg\u00e9ro-indienne de fabrication de transformateurs de grande puissance, le portrait du chef de l\u2019\u00c9tat, Abdelkader Bensalah, s\u2019est bizarrement [&hellip;]<\/p>\n","protected":false},"author":1742,"featured_media":0,"comment_status":"closed","ping_status":"closed","sticky":false,"template":"","format":"standard","meta":{"fifu_image_url":"","fifu_image_alt":"","footnotes":""},"categories":[73,53],"tags":[],"class_list":["post-67234","post","type-post","status-publish","format-standard","hentry","category-actualite","category-algerie"],"_links":{"self":[{"href":"https:\/\/linitiative.ca\/International\/wp-json\/wp\/v2\/posts\/67234","targetHints":{"allow":["GET"]}}],"collection":[{"href":"https:\/\/linitiative.ca\/International\/wp-json\/wp\/v2\/posts"}],"about":[{"href":"https:\/\/linitiative.ca\/International\/wp-json\/wp\/v2\/types\/post"}],"author":[{"embeddable":true,"href":"https:\/\/linitiative.ca\/International\/wp-json\/wp\/v2\/users\/1742"}],"replies":[{"embeddable":true,"href":"https:\/\/linitiative.ca\/International\/wp-json\/wp\/v2\/comments?post=67234"}],"version-history":[{"count":0,"href":"https:\/\/linitiative.ca\/International\/wp-json\/wp\/v2\/posts\/67234\/revisions"}],"wp:attachment":[{"href":"https:\/\/linitiative.ca\/International\/wp-json\/wp\/v2\/media?parent=67234"}],"wp:term":[{"taxonomy":"category","embeddable":true,"href":"https:\/\/linitiative.ca\/International\/wp-json\/wp\/v2\/categories?post=67234"},{"taxonomy":"post_tag","embeddable":true,"href":"https:\/\/linitiative.ca\/International\/wp-json\/wp\/v2\/tags?post=67234"}],"curies":[{"name":"wp","href":"https:\/\/api.w.org\/{rel}","templated":true}]}}