{"id":67235,"date":"2019-11-12T05:00:00","date_gmt":"2019-11-12T10:00:00","guid":{"rendered":"https:\/\/linitiative.ca\/International\/les-etats-de-loci-saisissent-la-cour-internationale-de-justice\/"},"modified":"2019-11-12T05:00:00","modified_gmt":"2019-11-12T10:00:00","slug":"les-etats-de-loci-saisissent-la-cour-internationale-de-justice","status":"publish","type":"post","link":"https:\/\/linitiative.ca\/International\/les-etats-de-loci-saisissent-la-cour-internationale-de-justice\/","title":{"rendered":"Les \u00e9tats de l\u2019OCI saisissent la Cour internationale de justice"},"content":{"rendered":"<div id=\"originalText\" readability=\"42\">\n<p class=\"c6\">Les 57 \u00e9tats membres de l&rsquo;Organisation de la coop\u00e9ration islamique (OCI) ont mandat\u00e9, hier la Gambie pour entamer une action judiciaire devant la Cour internationale de justice (CIJ) contre la Birmanie pour ses \u201cactes de g\u00e9nocide\u201d \u00e0 l&rsquo;encontre de la minorit\u00e9 musulmane des Rohingyas.<\/p>\n<p class=\"c6\">La Gambie accuse la Birmanie d&rsquo;avoir viol\u00e9 la Convention pour la pr\u00e9vention et la r\u00e9pression du crime de g\u00e9nocide. Les Rohingyas \u201cont \u00e9t\u00e9\u00a0victimes d&rsquo;actes de violence injustifi\u00e9s et de d\u00e9gradation perverse, accompagn\u00e9s de l&rsquo;intention sp\u00e9cifique des acteurs \u00e9tatiques de d\u00e9truire les Rohingyas en tant que groupe\u201d, a d\u00e9clar\u00e9 le minist\u00e8re gambien de la Justice.<\/p>\n<\/div>\n<div id=\"text_core\" readability=\"42\">\n<p class=\"c6\">Les 57 \u00e9tats membres de l&rsquo;Organisation de la coop\u00e9ration islamique (OCI) ont mandat\u00e9, hier la Gambie pour entamer une action judiciaire devant la Cour internationale de justice (CIJ) contre la Birmanie pour ses \u201cactes de g\u00e9nocide\u201d \u00e0 l&rsquo;encontre de la minorit\u00e9 musulmane des Rohingyas.<\/p>\n<p class=\"c6\">La Gambie accuse la Birmanie d&rsquo;avoir viol\u00e9 la Convention pour la pr\u00e9vention et la r\u00e9pression du crime de g\u00e9nocide. Les Rohingyas \u201cont \u00e9t\u00e9\u00a0victimes d&rsquo;actes de violence injustifi\u00e9s et de d\u00e9gradation perverse, accompagn\u00e9s de l&rsquo;intention sp\u00e9cifique des acteurs \u00e9tatiques de d\u00e9truire les Rohingyas en tant que groupe\u201d, a d\u00e9clar\u00e9 le minist\u00e8re gambien de la Justice.<\/p>\n<\/div>\n<p>Auteur:<br \/>\n<a href=\"https:\/\/www.liberte-algerie.com\/radar\/les-etats-de-loci-saisissent-la-cour-internationale-de-justice-327847\">Cliquez ici pour lire l&rsquo;article depuis sa source.<\/a><\/p>\n","protected":false},"excerpt":{"rendered":"<p>Les 57 \u00e9tats membres de l&rsquo;Organisation de la coop\u00e9ration islamique (OCI) ont mandat\u00e9, hier la Gambie pour entamer une action judiciaire devant la Cour internationale de justice (CIJ) contre la Birmanie pour ses \u201cactes de g\u00e9nocide\u201d \u00e0 l&rsquo;encontre de la minorit\u00e9 musulmane des Rohingyas. La Gambie accuse la Birmanie d&rsquo;avoir viol\u00e9 la Convention pour la [&hellip;]<\/p>\n","protected":false},"author":1742,"featured_media":0,"comment_status":"closed","ping_status":"closed","sticky":false,"template":"","format":"standard","meta":{"fifu_image_url":"","fifu_image_alt":"","footnotes":""},"categories":[73,53],"tags":[],"class_list":["post-67235","post","type-post","status-publish","format-standard","hentry","category-actualite","category-algerie"],"_links":{"self":[{"href":"https:\/\/linitiative.ca\/International\/wp-json\/wp\/v2\/posts\/67235","targetHints":{"allow":["GET"]}}],"collection":[{"href":"https:\/\/linitiative.ca\/International\/wp-json\/wp\/v2\/posts"}],"about":[{"href":"https:\/\/linitiative.ca\/International\/wp-json\/wp\/v2\/types\/post"}],"author":[{"embeddable":true,"href":"https:\/\/linitiative.ca\/International\/wp-json\/wp\/v2\/users\/1742"}],"replies":[{"embeddable":true,"href":"https:\/\/linitiative.ca\/International\/wp-json\/wp\/v2\/comments?post=67235"}],"version-history":[{"count":0,"href":"https:\/\/linitiative.ca\/International\/wp-json\/wp\/v2\/posts\/67235\/revisions"}],"wp:attachment":[{"href":"https:\/\/linitiative.ca\/International\/wp-json\/wp\/v2\/media?parent=67235"}],"wp:term":[{"taxonomy":"category","embeddable":true,"href":"https:\/\/linitiative.ca\/International\/wp-json\/wp\/v2\/categories?post=67235"},{"taxonomy":"post_tag","embeddable":true,"href":"https:\/\/linitiative.ca\/International\/wp-json\/wp\/v2\/tags?post=67235"}],"curies":[{"name":"wp","href":"https:\/\/api.w.org\/{rel}","templated":true}]}}