{"id":67236,"date":"2019-11-12T09:30:00","date_gmt":"2019-11-12T14:30:00","guid":{"rendered":"https:\/\/linitiative.ca\/International\/ils-denoncent-le-verdict-contre-les-detenus-dopinion\/"},"modified":"2019-11-12T09:30:00","modified_gmt":"2019-11-12T14:30:00","slug":"ils-denoncent-le-verdict-contre-les-detenus-dopinion","status":"publish","type":"post","link":"https:\/\/linitiative.ca\/International\/ils-denoncent-le-verdict-contre-les-detenus-dopinion\/","title":{"rendered":"Ils d\u00e9noncent le verdict contre les d\u00e9tenus d\u2019opinion"},"content":{"rendered":"<div id=\"originalText\" readability=\"47\">\n<p>Les\u00a0 \u00e9tudiants ont pour la 38e semaine cons\u00e9cutive d\u00e9fil\u00e9 dans la capitale Alger, r\u00e9it\u00e9rant leur rejet de la pr\u00e9sidentielle du 12 d\u00e9cembre et d\u00e9non\u00e7ant la peine prononc\u00e9e vers 2h du matin\u00a0 \u00e0 l\u2019encontre des d\u00e9tenus d\u2019opinion.<\/p>\n<p><iframe loading=\"lazy\" allow=\"accelerometer; autoplay; encrypted-media; gyroscope; picture-in-picture\" allowfullscreen=\"\" frameborder=\"0\" height=\"315\" src=\"https:\/\/www.youtube.com\/embed\/LSoPQcccACo\" width=\"560\">[embedded content]<\/iframe><\/p>\n<p>Des slogans visant les cinq candidats \u00e0 l\u2019\u00e9lection pr\u00e9sidentielle du 12 d\u00e9cembre ont \u00e9galement \u00e9t\u00e9 entonn\u00e9s tout au long de la marche.<\/p>\n<p><iframe loading=\"lazy\" allow=\"accelerometer; autoplay; encrypted-media; gyroscope; picture-in-picture\" allowfullscreen=\"\" frameborder=\"0\" height=\"315\" src=\"https:\/\/www.youtube.com\/embed\/b7BGTiBZ_cE\" width=\"560\">[embedded content]<\/iframe><\/p>\n<p class=\"c6\">Accompagn\u00e9s de citoyens, les \u00e9tudiants ont scand\u00e9 des slogans hostiles au pouvoir et \u00e0 la justice, tout en r\u00e9clamant sa \u00ab lib\u00e9ration \u00bb. \u00ab Adalate etilifoune \u00bb (justice du t\u00e9l\u00e9phone), \u00ab Qodhate sidi mhamed ya3abdou fel Gaid \u00bb (les juges de Sidi M\u2019hamed v\u00e9n\u00e8rent Gaid), sont autant de slogans clam\u00e9s par les \u00e9tudiants.<\/p>\n<p><iframe loading=\"lazy\" allow=\"accelerometer; autoplay; encrypted-media; gyroscope; picture-in-picture\" allowfullscreen=\"\" frameborder=\"0\" height=\"315\" src=\"https:\/\/www.youtube.com\/embed\/YqaJlA098Z8\" width=\"560\">[embedded content]<\/iframe><\/p>\n<p class=\"c7\"><strong>Im\u00e8ne AMOKRANE<\/strong><\/p>\n<\/div>\n<div id=\"text_core\" readability=\"47\">\n<p>Les\u00a0 \u00e9tudiants ont pour la 38e semaine cons\u00e9cutive d\u00e9fil\u00e9 dans la capitale Alger, r\u00e9it\u00e9rant leur rejet de la pr\u00e9sidentielle du 12 d\u00e9cembre et d\u00e9non\u00e7ant la peine prononc\u00e9e vers 2h du matin\u00a0 \u00e0 l\u2019encontre des d\u00e9tenus d\u2019opinion.<\/p>\n<p><iframe loading=\"lazy\" allow=\"accelerometer; autoplay; encrypted-media; gyroscope; picture-in-picture\" allowfullscreen=\"\" frameborder=\"0\" height=\"315\" src=\"https:\/\/www.youtube.com\/embed\/LSoPQcccACo\" width=\"560\">[embedded content]<\/iframe><\/p>\n<p>Des slogans visant les cinq candidats \u00e0 l\u2019\u00e9lection pr\u00e9sidentielle du 12 d\u00e9cembre ont \u00e9galement \u00e9t\u00e9 entonn\u00e9s tout au long de la marche.<\/p>\n<p><iframe loading=\"lazy\" allow=\"accelerometer; autoplay; encrypted-media; gyroscope; picture-in-picture\" allowfullscreen=\"\" frameborder=\"0\" height=\"315\" src=\"https:\/\/www.youtube.com\/embed\/b7BGTiBZ_cE\" width=\"560\">[embedded content]<\/iframe><\/p>\n<p class=\"c6\">Accompagn\u00e9s de citoyens, les \u00e9tudiants ont scand\u00e9 des slogans hostiles au pouvoir et \u00e0 la justice, tout en r\u00e9clamant sa \u00ab lib\u00e9ration \u00bb. \u00ab Adalate etilifoune \u00bb (justice du t\u00e9l\u00e9phone), \u00ab Qodhate sidi mhamed ya3abdou fel Gaid \u00bb (les juges de Sidi M\u2019hamed v\u00e9n\u00e8rent Gaid), sont autant de slogans clam\u00e9s par les \u00e9tudiants.<\/p>\n<p><iframe loading=\"lazy\" allow=\"accelerometer; autoplay; encrypted-media; gyroscope; picture-in-picture\" allowfullscreen=\"\" frameborder=\"0\" height=\"315\" src=\"https:\/\/www.youtube.com\/embed\/YqaJlA098Z8\" width=\"560\">[embedded content]<\/iframe><\/p>\n<p class=\"c7\"><strong>Im\u00e8ne AMOKRANE<\/strong><\/p>\n<\/div>\n<p>Auteur:<br \/>\n<a href=\"https:\/\/www.liberte-algerie.com\/actualite\/ils-denoncent-le-verdict-contre-les-detenus-dopinion-327921\">Cliquez ici pour lire l&rsquo;article depuis sa source.<\/a><\/p>\n","protected":false},"excerpt":{"rendered":"<p>Les\u00a0 \u00e9tudiants ont pour la 38e semaine cons\u00e9cutive d\u00e9fil\u00e9 dans la capitale Alger, r\u00e9it\u00e9rant leur rejet de la pr\u00e9sidentielle du 12 d\u00e9cembre et d\u00e9non\u00e7ant la peine prononc\u00e9e vers 2h du matin\u00a0 \u00e0 l\u2019encontre des d\u00e9tenus d\u2019opinion. [embedded content] Des slogans visant les cinq candidats \u00e0 l\u2019\u00e9lection pr\u00e9sidentielle du 12 d\u00e9cembre ont \u00e9galement \u00e9t\u00e9 entonn\u00e9s tout [&hellip;]<\/p>\n","protected":false},"author":1742,"featured_media":0,"comment_status":"closed","ping_status":"closed","sticky":false,"template":"","format":"standard","meta":{"fifu_image_url":"","fifu_image_alt":"","footnotes":""},"categories":[73,53],"tags":[],"class_list":["post-67236","post","type-post","status-publish","format-standard","hentry","category-actualite","category-algerie"],"_links":{"self":[{"href":"https:\/\/linitiative.ca\/International\/wp-json\/wp\/v2\/posts\/67236","targetHints":{"allow":["GET"]}}],"collection":[{"href":"https:\/\/linitiative.ca\/International\/wp-json\/wp\/v2\/posts"}],"about":[{"href":"https:\/\/linitiative.ca\/International\/wp-json\/wp\/v2\/types\/post"}],"author":[{"embeddable":true,"href":"https:\/\/linitiative.ca\/International\/wp-json\/wp\/v2\/users\/1742"}],"replies":[{"embeddable":true,"href":"https:\/\/linitiative.ca\/International\/wp-json\/wp\/v2\/comments?post=67236"}],"version-history":[{"count":0,"href":"https:\/\/linitiative.ca\/International\/wp-json\/wp\/v2\/posts\/67236\/revisions"}],"wp:attachment":[{"href":"https:\/\/linitiative.ca\/International\/wp-json\/wp\/v2\/media?parent=67236"}],"wp:term":[{"taxonomy":"category","embeddable":true,"href":"https:\/\/linitiative.ca\/International\/wp-json\/wp\/v2\/categories?post=67236"},{"taxonomy":"post_tag","embeddable":true,"href":"https:\/\/linitiative.ca\/International\/wp-json\/wp\/v2\/tags?post=67236"}],"curies":[{"name":"wp","href":"https:\/\/api.w.org\/{rel}","templated":true}]}}