{"id":67238,"date":"2019-11-12T03:50:06","date_gmt":"2019-11-12T08:50:06","guid":{"rendered":"https:\/\/linitiative.ca\/International\/le-cinema-un-vecteur-de-dialogue-entre-les-societes\/"},"modified":"2019-11-12T03:50:06","modified_gmt":"2019-11-12T08:50:06","slug":"le-cinema-un-vecteur-de-dialogue-entre-les-societes","status":"publish","type":"post","link":"https:\/\/linitiative.ca\/International\/le-cinema-un-vecteur-de-dialogue-entre-les-societes\/","title":{"rendered":"Le cin\u00e9ma, un vecteur de dialogue entre les soci\u00e9t\u00e9s"},"content":{"rendered":"<div readability=\"41\">\n<p>Marrakech \u2013 L\u2019Ambassadeur, Chef de la d\u00e9l\u00e9gation de l\u2019Union Europ\u00e9enne (UE) au Maroc, Mme Claudia Wiedey, a affirm\u00e9, lundi soir \u00e0 Marrakech, que le cin\u00e9ma constitue \u00ab\u00a0un vecteur important\u00a0\u00bb pour renforcer le dialogue entre les soci\u00e9t\u00e9s et cultures, soulignant que le 7\u00e8me Art demeure aussi \u00ab\u00a0un magnifique moyen d\u2019appr\u00e9hender d\u2019autres r\u00e9alit\u00e9s\u00a0\u00bb.<\/p>\n<\/div>\n<div readability=\"203\">\n<p>\u00ab\u00a0La culture, et le cin\u00e9ma en particulier, sont des vecteurs importants pour renforcer la connaissance et le dialogue entre nos soci\u00e9t\u00e9s et nos cultures\u00a0\u00bb, a soulign\u00e9 Mme Wiedey, qui s\u2019exprimait au mythique cin\u00e9ma Le Colis\u00e9e et ce, \u00e0 l\u2019ouverture de la 27\u00e8me Edition des Semaines du Film Europ\u00e9en au Maroc, organis\u00e9e \u00e0 l\u2019initiative de l\u2019UE.<\/p>\n<p>Elle a, en outre, soutenu que \u00ab\u00a0le cin\u00e9ma exerce encore et toujours une v\u00e9ritable magie m\u00eame si, aujourd\u2019hui, les possibilit\u00e9s num\u00e9riques des moyens audio-visuels semblent infinies\u00a0\u00bb.<\/p>\n<p>Et de poursuivre: \u00ab\u00a0Vous voir ce soir aussi nombreux nous conforte dans notre choix de continuer \u00e0 vous proposer des \u0153uvres fortes et singuli\u00e8res sign\u00e9es par de tr\u00e8s grands auteurs, par des cin\u00e9astes \u00e9mergents ou d\u2019autres \u00e0 d\u00e9couvrir et qui, le temps de cette fen\u00eatre cin\u00e9matographique, nous livrent leur regard sur leur soci\u00e9t\u00e9\u00a0\u00bb.<\/p>\n<p>Mme Wiedey, qui a rappel\u00e9 que depuis 1991, c\u2019est une certaine id\u00e9e du cin\u00e9ma europ\u00e9en que l\u2019UE s\u2019attache \u00e0 faire circuler dans plusieurs villes, a relev\u00e9 que cet \u00e9v\u00e9nement propose \u00ab\u00a0une s\u00e9lection du meilleur cin\u00e9ma europ\u00e9en de l\u2019ann\u00e9e\u00a0\u00bb.<\/p>\n<p>Dans ce sillage, elle a invit\u00e9 les cin\u00e9philes \u00e0 \u00ab\u00a0d\u00e9couvrir le fleuron de la production cin\u00e9matographique europ\u00e9enne\u00a0\u00bb de ces deux derni\u00e8res ann\u00e9es, notant que \u00ab\u00a0la qualit\u00e9 \u00e9tant le label des Semaines du Film Europ\u00e9en, les longs m\u00e9trages de cette programmation viennent des affiches des festivals les plus prestigieux: Cannes, Venise ou Berlin, et sont sign\u00e9s des plus grands cin\u00e9astes de ces derni\u00e8res d\u00e9cennies comme Maroc Bellocchio, Hirokazu Kore-Eda, Ken Loach et Costa Gavras\u00a0\u00bb.<\/p>\n<p>La diplomate europ\u00e9enne a \u00e9galement expliqu\u00e9 que les Semaines du Film Europ\u00e9en au Maroc, qui se poursuivent jusqu\u2019au 3 d\u00e9cembre prochain, sont aussi l\u2019occasion, chaque ann\u00e9e, de pr\u00e9senter au public une petite s\u00e9lection de courts m\u00e9trages du Sud de la M\u00e9diterran\u00e9e.<\/p>\n<p>L\u2019ouverture de la 27\u00e8me \u00e9dition des Semaines du Film Europ\u00e9en au Maroc, qui se tient jusqu\u2019au 18 novembre dans la cit\u00e9 ocre, a \u00e9t\u00e9 marqu\u00e9e par la projection du film \u00ab\u00a0La V\u00e9rit\u00e9\u00a0\u00bb qui a r\u00e9uni l\u2019ic\u00f4ne du cin\u00e9ma fran\u00e7ais, Catherine Deneuve, la star Juliette Binoche et Ethan Hawke, magistralement dirig\u00e9s par le grand r\u00e9alisateur japonais Hirokazu Kore-Eda.<\/p>\n<p>Dans ce drame (1h46min), pr\u00e9sent\u00e9 au dernier festival de Venise, Catherine Deneuve incarne brillamment le r\u00f4le de Fabienne, une actrice c\u00e9l\u00e8bre vieillissante \u00e0 la langue tranchante et au verbe haut, qui est la m\u00e8re de Lumir (Juliette Binoche), sc\u00e9nariste \u00e0 New York.<\/p>\n<p>La publication des m\u00e9moires de cette grande actrice incite Lumir et sa famille \u00e0 revenir dans la maison de son enfance, mais les retrouvailles vont vite tourner \u00e0 la confrontation : v\u00e9rit\u00e9s cach\u00e9es, rancunes inavou\u00e9es, amours impossibles se r\u00e9v\u00e8lent sous le regard m\u00e9dus\u00e9 des hommes.<\/p>\n<p>Fabienne est en plein tournage d\u2019un film de science-fiction o\u00f9 elle incarne la fille \u00e2g\u00e9e d\u2019une m\u00e8re \u00e9ternellement jeune. R\u00e9alit\u00e9 et fiction se confondent ainsi, obligeant m\u00e8re et fille \u00e0 se retrouver\u2026<\/p>\n<p>Outre Marrakech, les Semaines du Film Europ\u00e9en au Maroc vont se tenir \u00e0 Casablanca (au Cin\u00e9ma Rif) du 13 au 20 novembre, \u00e0 Tanger (au Cin\u00e9ma Rif) du 17 au 24 novembre et \u00e0 Rabat (au cin\u00e9ma Renaissance) du 26 novembre au 03 d\u00e9cembre prochain.<\/p>\n<p>L\u2019\u00e9dition de cette ann\u00e9e propose une programmation de 8 longs m\u00e9trages in\u00e9dits, ayant \u00e9t\u00e9 s\u00e9lectionn\u00e9s et\/ou prim\u00e9s dans les festivals et les manifestations cin\u00e9matographiques internationales les plus prestigieuses, ainsi que trois courts m\u00e9trages du Sud de la M\u00e9diterran\u00e9e.<\/p>\n<p>Avec \u00ab\u00a0La V\u00e9rit\u00e9\u00a0\u00bb de Hirokazu Kore-Eda en ouverture, cette 27\u00e8me \u00e9dition, qui aspire \u00e0 faire d\u00e9couvrir aux spectateurs marocains de grands succ\u00e8s europ\u00e9ens \u00e0 travers le regard de cin\u00e9astes de renom sur une Europe de diversit\u00e9, invite les cin\u00e9philes \u00e0 retrouver aussi le grand ma\u00eetre du cin\u00e9ma social, Ken Loach, gr\u00e2ce \u00e0 son opus \u00ab\u00a0Sorry we missed you\u00a0\u00bb, une \u0153uvre politique forte et bouleversante qui a conquis le public du festival de Cannes, o\u00f9 il a \u00e9t\u00e9 pr\u00e9sent\u00e9 en mai dernier.<\/p>\n<p>Choisi par l\u2019Italie pour la repr\u00e9senter aux Oscars, \u00ab\u00a0Le Tra\u00eetre\u00a0\u00bb de Marco Bellocchio est, quant \u00e0 lui, une fresque fascinante sur la mafia, bas\u00e9e sur des faits r\u00e9els, et qui marque le retour en fanfare de l\u2019un des plus importants cin\u00e9astes europ\u00e9ens de l\u2019\u00e9poque actuelle.<\/p>\n<p>Autre temps fort de cette \u00e9dition : \u00ab\u00a0Adults in the room\u00a0\u00bb du l\u00e9gendaire Costa Gavras qui a adapt\u00e9 pour l\u2019occasion le best-seller de Yanis Varoufakis, et nous plonge de mani\u00e8re captivante dans les coulisses du pouvoir. Au sommet de son art, Costa Gavras livre une \u00e9tude au scalpel et une r\u00e9flexion profonde sur la crise grecque.<\/p>\n<p>Il sera aussi question de politique \u00e0 travers \u00ab\u00a0El Reino\u00a0\u00bb de Rodrigo Sorogoyen, qui a rafl\u00e9 pas moins de 7 statuettes \u00e0 la derni\u00e8re c\u00e9r\u00e9monie des Goya en Espagne, dont celles de meilleur r\u00e9alisateur et de meilleur acteur. Il s\u2019agit d\u2019un thriller politique haletant qui impose Sorogoyen comme l\u2019un des cin\u00e9astes majeurs de la p\u00e9ninsule ib\u00e9rique.<\/p>\n<p>Une belle surprise vient du Danemark : premier film de son auteur Gustav Moller, \u00ab\u00a0The Guilty\u00a0\u00bb, est un thriller d\u2019une \u00e9tonnante ma\u00eetrise, qui se veut aussi une exp\u00e9rience immersive et magistrale au sein des urgences de la police.<\/p>\n<p>\u00ab\u00a0A White, White Day\u00a0\u00bb, une co-production su\u00e9doise r\u00e9alis\u00e9e par Hlynur Palmason, est, lui, un film tr\u00e8s singulier sur le deuil et la vengeance. Il a obtenu le Prix de la R\u00e9v\u00e9lation lors de la derni\u00e8re Semaine Internationale de la critique \u00e0 Cannes.<\/p>\n<p>Laur\u00e9at du Prix Alfred Bauer au dernier festival de Berlin o\u00f9 il \u00e9tait pr\u00e9sent\u00e9 en comp\u00e9tition, le film \u00ab\u00a0Benni\u00a0\u00bb de Nora Fingscheidt est un drame bouleversant sur une enfance d\u00e9glingu\u00e9e. Il a r\u00e9cemment \u00e9t\u00e9 choisi par l\u2019Allemagne pour la repr\u00e9senter aux Oscars.<\/p>\n<p>Enfin, les spectateurs retrouveront au programme, cette ann\u00e9e, trois courts m\u00e9trages du Sud de la M\u00e9diterran\u00e9e, et plus pr\u00e9cis\u00e9ment avec pour toile de fonds le Maghreb : \u00ab\u00a0Bab Sebta\u00a0\u00bb de Randa Maroufi, \u00ab\u00a0Les past\u00e8ques du Cheikh\u00a0\u00bb de Kaouther Ben Hania et \u00ab\u00a0Nefta Football Club\u00a0\u00bb de Yves Piat.<\/p>\n<p>Les Semaines du Film Europ\u00e9en sont organis\u00e9es depuis 1991 par l\u2019Union Europ\u00e9enne au Maroc, en collaboration avec les Ambassades et Instituts culturels des Etats membres de l\u2019UE, et en partenariat avec le Centre Cin\u00e9matographique Marocain (CCM), l\u2019Ecole sup\u00e9rieure des arts visuels de Marrakech, le cin\u00e9ma Le Colis\u00e9e (Marrakech), la Cin\u00e9math\u00e8que de Tanger, le cin\u00e9ma Rif (Casablanca) et le cin\u00e9ma Renaissance (Rabat).<\/p>\n<\/div>\n<p>Auteur: Meriem IGASS<br \/>\n<a href=\"http:\/\/www.mapmarrakech.ma\/fr\/cinema-2\/\">Cliquez ici pour lire l&rsquo;article depuis sa source.<\/a><\/p>\n","protected":false},"excerpt":{"rendered":"<p>Marrakech \u2013 L\u2019Ambassadeur, Chef de la d\u00e9l\u00e9gation de l\u2019Union Europ\u00e9enne (UE) au Maroc, Mme Claudia Wiedey, a affirm\u00e9, lundi soir \u00e0 Marrakech, que le cin\u00e9ma constitue \u00ab\u00a0un vecteur important\u00a0\u00bb pour renforcer le dialogue entre les soci\u00e9t\u00e9s et cultures, soulignant que le 7\u00e8me Art demeure aussi \u00ab\u00a0un magnifique moyen d\u2019appr\u00e9hender d\u2019autres r\u00e9alit\u00e9s\u00a0\u00bb. \u00ab\u00a0La culture, et le [&hellip;]<\/p>\n","protected":false},"author":1788,"featured_media":0,"comment_status":"closed","ping_status":"closed","sticky":false,"template":"","format":"standard","meta":{"fifu_image_url":"","fifu_image_alt":"","footnotes":""},"categories":[54,76],"tags":[],"class_list":["post-67238","post","type-post","status-publish","format-standard","hentry","category-maroc","category-regions"],"_links":{"self":[{"href":"https:\/\/linitiative.ca\/International\/wp-json\/wp\/v2\/posts\/67238","targetHints":{"allow":["GET"]}}],"collection":[{"href":"https:\/\/linitiative.ca\/International\/wp-json\/wp\/v2\/posts"}],"about":[{"href":"https:\/\/linitiative.ca\/International\/wp-json\/wp\/v2\/types\/post"}],"author":[{"embeddable":true,"href":"https:\/\/linitiative.ca\/International\/wp-json\/wp\/v2\/users\/1788"}],"replies":[{"embeddable":true,"href":"https:\/\/linitiative.ca\/International\/wp-json\/wp\/v2\/comments?post=67238"}],"version-history":[{"count":0,"href":"https:\/\/linitiative.ca\/International\/wp-json\/wp\/v2\/posts\/67238\/revisions"}],"wp:attachment":[{"href":"https:\/\/linitiative.ca\/International\/wp-json\/wp\/v2\/media?parent=67238"}],"wp:term":[{"taxonomy":"category","embeddable":true,"href":"https:\/\/linitiative.ca\/International\/wp-json\/wp\/v2\/categories?post=67238"},{"taxonomy":"post_tag","embeddable":true,"href":"https:\/\/linitiative.ca\/International\/wp-json\/wp\/v2\/tags?post=67238"}],"curies":[{"name":"wp","href":"https:\/\/api.w.org\/{rel}","templated":true}]}}