{"id":67239,"date":"2019-11-12T07:54:32","date_gmt":"2019-11-12T12:54:32","guid":{"rendered":"https:\/\/linitiative.ca\/International\/coupe-de-la-caf-la-rs-berkane-dans-le-groupe-c\/"},"modified":"2019-11-12T07:54:32","modified_gmt":"2019-11-12T12:54:32","slug":"coupe-de-la-caf-la-rs-berkane-dans-le-groupe-c","status":"publish","type":"post","link":"https:\/\/linitiative.ca\/International\/coupe-de-la-caf-la-rs-berkane-dans-le-groupe-c\/","title":{"rendered":"Coupe de la CAF: La RS Berkane dans le groupe C"},"content":{"rendered":"<div class=\"single-featured\"><img alt=\"\" data-src=\"http:\/\/www.mapoujda.ma\/map\/uploads\/2019\/10\/Tirage-au-sort-de-la-CAF-M750\u00d7430-MAP-Archive.jpg\"\/><\/div>\n<div class=\"entry-content clearfix single-post-content\" readability=\"63\">\n<p class=\"c1\">Les clubs marocains de la Renaissance sportive de Berkane et le Hassania Agadir ont \u00e9t\u00e9 log\u00e9s respectivement, dans les groupes C et D de la Coupe de la Conf\u00e9d\u00e9ration africaine de football (CAF), \u00e0 l\u2019issue du tirage au sort de cette comp\u00e9tition, effectu\u00e9 mardi au Caire.<\/p>\n<p class=\"c1\">Les Berkanis, finalistes malheureux de la derni\u00e8re \u00e9dition, \u00e9volueront ainsi aux c\u00f4t\u00e9s de DC Motema Pembe (RD Congo), Zanaco (Zambie) et ESAE FC (B\u00e9nin).<\/p>\n<p class=\"c1\">Le club soussi croisera le fer, lui, contre San Pedro (C\u00f4te d\u2019Ivoire), Enyimba FC (Nigeria) et Paradou AC (Alg\u00e9rie).<\/p>\n<p class=\"c1\">La poule A comprend, quant \u00e0 elle, le club mauritanien de FC Nouadhibou, Rangers International (Nigeria), Pyramids FC (Egypte) et Al-Masry (Egypte), alors que le groupe B se compose de\u00a0 Bidvest Wits (Afrique du Sud), Ennasr (Libye), Djoliba FC (Mali) et Horoya AC (Guin\u00e9e).<\/p>\n<p class=\"c1\">La premi\u00e8re journ\u00e9e de la phase de poules aura lieu \u00e0 partir du 29 courant. Les deux premiers de chaque poule se qualifient pour les quarts de finale.<\/p>\n<\/div>\n<p>Auteur: Soufiane ELAHMAR<br \/>\n<a href=\"http:\/\/www.mapoujda.ma\/fr\/coupe-de-la-caf-la-rs-berkane-dans-le-groupe-c\/\">Cliquez ici pour lire l&rsquo;article depuis sa source.<\/a><\/p>\n","protected":false},"excerpt":{"rendered":"<p>Les clubs marocains de la Renaissance sportive de Berkane et le Hassania Agadir ont \u00e9t\u00e9 log\u00e9s respectivement, dans les groupes C et D de la Coupe de la Conf\u00e9d\u00e9ration africaine de football (CAF), \u00e0 l\u2019issue du tirage au sort de cette comp\u00e9tition, effectu\u00e9 mardi au Caire. Les Berkanis, finalistes malheureux de la derni\u00e8re \u00e9dition, \u00e9volueront [&hellip;]<\/p>\n","protected":false},"author":1788,"featured_media":67240,"comment_status":"closed","ping_status":"closed","sticky":false,"template":"","format":"standard","meta":{"fifu_image_url":"","fifu_image_alt":"","footnotes":""},"categories":[54,76],"tags":[],"class_list":["post-67239","post","type-post","status-publish","format-standard","has-post-thumbnail","hentry","category-maroc","category-regions"],"_links":{"self":[{"href":"https:\/\/linitiative.ca\/International\/wp-json\/wp\/v2\/posts\/67239","targetHints":{"allow":["GET"]}}],"collection":[{"href":"https:\/\/linitiative.ca\/International\/wp-json\/wp\/v2\/posts"}],"about":[{"href":"https:\/\/linitiative.ca\/International\/wp-json\/wp\/v2\/types\/post"}],"author":[{"embeddable":true,"href":"https:\/\/linitiative.ca\/International\/wp-json\/wp\/v2\/users\/1788"}],"replies":[{"embeddable":true,"href":"https:\/\/linitiative.ca\/International\/wp-json\/wp\/v2\/comments?post=67239"}],"version-history":[{"count":0,"href":"https:\/\/linitiative.ca\/International\/wp-json\/wp\/v2\/posts\/67239\/revisions"}],"wp:featuredmedia":[{"embeddable":true,"href":"https:\/\/linitiative.ca\/International\/wp-json\/"}],"wp:attachment":[{"href":"https:\/\/linitiative.ca\/International\/wp-json\/wp\/v2\/media?parent=67239"}],"wp:term":[{"taxonomy":"category","embeddable":true,"href":"https:\/\/linitiative.ca\/International\/wp-json\/wp\/v2\/categories?post=67239"},{"taxonomy":"post_tag","embeddable":true,"href":"https:\/\/linitiative.ca\/International\/wp-json\/wp\/v2\/tags?post=67239"}],"curies":[{"name":"wp","href":"https:\/\/api.w.org\/{rel}","templated":true}]}}