{"id":67241,"date":"2019-11-12T09:53:09","date_gmt":"2019-11-12T14:53:09","guid":{"rendered":"https:\/\/linitiative.ca\/International\/le-ficmec-de-nador-souffle-sa-8eme-bougie\/"},"modified":"2019-11-12T09:53:09","modified_gmt":"2019-11-12T14:53:09","slug":"le-ficmec-de-nador-souffle-sa-8eme-bougie","status":"publish","type":"post","link":"https:\/\/linitiative.ca\/International\/le-ficmec-de-nador-souffle-sa-8eme-bougie\/","title":{"rendered":"Le FICMEC de Nador souffle sa 8\u00e8me bougie"},"content":{"rendered":"<p class=\"c1\">La 8\u00e8me \u00e9dition du Festival international de cin\u00e9ma et m\u00e9moire commune (FICMEC) s\u2019est ouverte, lundi soir \u00e0\u00a0Nador, en pr\u00e9sence d\u2019un parterre d\u2019artistes et de personnalit\u00e9s du monde de l\u2019art, de la culture et des m\u00e9dias.<\/p>\n<p class=\"c1\">\u00abLa m\u00e9moire de l\u2019avenir : comment le cin\u00e9ma peut promouvoir les processus de la r\u00e9conciliation et la culture de la paix\u2019\u2019 est le th\u00e8me retenu cette ann\u00e9e pour cette manifestation cin\u00e9matographique organis\u00e9e par le Centre de la m\u00e9moire commune pour la d\u00e9mocratie et la paix (CMCDP).<\/p>\n<p class=\"c1\">La c\u00e9r\u00e9monie d\u2019ouverture a \u00e9t\u00e9 marqu\u00e9e par la remise du prix international \u00abM\u00e9moire pour la d\u00e9mocratie et la paix\u00bb, d\u00e9cern\u00e9 cette ann\u00e9e par le Centre de la m\u00e9moire commune \u00e0 l\u2019ancien pr\u00e9sident colombien Juan Manuel Santos, laur\u00e9at du prix Nobel de la paix 2016, et ce pour sa contribution \u00e0 la paix et \u00e0 la r\u00e9conciliation dans son pays.<\/p>\n<p class=\"c1\">Des hommages ont \u00e9t\u00e9 rendus \u00e9galement \u00e0 des figures marocaines de l\u2019art et de la culture. Il s\u2019agit du r\u00e9alisateur Ahmed Boulane, de l\u2019\u00e9crivain et penseur Mohamed Boudhan, du producteur Abderrahim Harbal, et de la photographe Zoulikha Asbdoun.<\/p>\n<p class=\"c1\">Mettant l\u2019accent sur le th\u00e8me retenu pour cette \u00e9dition, les organisateurs ont expliqu\u00e9 que le festival invite cette ann\u00e9e les cin\u00e9astes du monde entier \u00e0 participer aux comp\u00e9titions et d\u00e9battre des diff\u00e9rentes exp\u00e9riences afin de promouvoir la culture de la r\u00e9conciliation et de la paix.<\/p>\n<p class=\"c1\">Le FICMEC-Nador\u00a0a pour objectif de cr\u00e9er un espace de d\u00e9bats pour promouvoir la culture de la paix, de tol\u00e9rance, d\u2019\u00e9quit\u00e9 et de respect des droits de l\u2019homme, ont-ils expliqu\u00e9, notant que la pr\u00e9sente \u00e9dition a pour objectif aussi d\u2019approfondir le d\u00e9bat \u00e0 travers des \u0153uvres documentaires sur les diverses approches de la r\u00e9conciliation et les exp\u00e9riences de la justice transitionnelle mises en \u0153uvres par des Etats.<\/p>\n<p><img class=\"wp-image-15772 aligncenter\" data-src=\"http:\/\/www.mapoujda.ma\/map\/uploads\/2019\/11\/Hommage-rendu-au-ancien-pr\u00e9sident-colombien-Juan-Manuel-Santos-M750\u00d7430-MAP.jpg\" alt=\"\" width=\"576\" height=\"330\" srcset=\"http:\/\/www.mapoujda.ma\/map\/uploads\/2019\/11\/Hommage-rendu-au-ancien-pr\u00e9sident-colombien-Juan-Manuel-Santos-M750\u00d7430-MAP.jpg 750w, http:\/\/www.mapoujda.ma\/map\/uploads\/2019\/11\/Hommage-rendu-au-ancien-pr\u00e9sident-colombien-Juan-Manuel-Santos-M750\u00d7430-MAP-300x172.jpg 300w\" sizes=\"(max-width: 576px) 100vw, 576px\"\/><\/p>\n<p class=\"c1\">Dans cette veine, le pr\u00e9sident du festival et pr\u00e9sident du Centre de la m\u00e9moire commune pour la d\u00e9mocratie et la paix r\u00e9formes, Abdeslam Bouteyeb a soulign\u00e9 que le Maroc a connu un processus de r\u00e9conciliation remarquable, mettant en avant les r\u00e9formes initi\u00e9es sous l\u2019impulsion de SM le Roi Mohammed VI pour l\u2019ancrage la culture des droits de l\u2019Homme et la consolidation des acquis d\u00e9mocratiques du pays.<\/p>\n<p class=\"c1\">M. Bouteyeb a par ailleurs relev\u00e9 le r\u00f4le que peut jouer le cin\u00e9ma dans la promotion des exp\u00e9riences de la r\u00e9conciliation et la culture de la paix.<\/p>\n<p class=\"c1\">D\u2019apr\u00e8s le comit\u00e9 d\u2019organisation, une dizaine de longs-m\u00e9trages sont en lice pour d\u00e9crocher les prix du festival, en l\u2019occurrence le Grand prix Marchica, celui du meilleur sc\u00e9nario, du meilleur r\u00f4le f\u00e9minin et de la meilleure interpr\u00e9tation masculine.<\/p>\n<p class=\"c1\">Plusieurs autres \u0153uvres sont en lice dans la comp\u00e9tition des court-m\u00e9trages, ainsi que dans la comp\u00e9tition r\u00e9serv\u00e9e au film documentaire.<\/p>\n<p class=\"c1\">Figurent \u00e9galement au programme de cette \u00e9dition, une conf\u00e9rence internationale sur le th\u00e8me \u2019\u2019Cin\u00e9ma, droits de l\u2019Homme et les questions controvers\u00e9es\u2019\u2019, une table-ronde sur \u2018\u2019la production cin\u00e9matographique au Maroc et la question des droits de l\u2019Homme\u2019\u2019, un master class ax\u00e9 sur \u2018\u2019le cin\u00e9ma et la r\u00e9conciliation\u2019\u2019, en plus d\u2019ateliers de formations aux m\u00e9tiers du cin\u00e9ma et une exposition artistique autour du th\u00e8me de cette \u00e9dition.<\/p>\n<p class=\"c1\">La 8\u00e8me \u00e9dition du Festival international de cin\u00e9ma et m\u00e9moire commune de\u00a0Nador\u00a0(11-16 novembre) est initi\u00e9e avec le soutien de plusieurs institutions locales, r\u00e9gionales et nationales.<\/p>\n<p>Auteur: Soufiane ELAHMAR<br \/>\n<a href=\"http:\/\/www.mapoujda.ma\/fr\/le-ficmec-de-nador-souffle-sa-8eme-bougie\/\">Cliquez ici pour lire l&rsquo;article depuis sa source.<\/a><\/p>\n","protected":false},"excerpt":{"rendered":"<p>La 8\u00e8me \u00e9dition du Festival international de cin\u00e9ma et m\u00e9moire commune (FICMEC) s\u2019est ouverte, lundi soir \u00e0\u00a0Nador, en pr\u00e9sence d\u2019un parterre d\u2019artistes et de personnalit\u00e9s du monde de l\u2019art, de la culture et des m\u00e9dias. \u00abLa m\u00e9moire de l\u2019avenir : comment le cin\u00e9ma peut promouvoir les processus de la r\u00e9conciliation et la culture de la [&hellip;]<\/p>\n","protected":false},"author":1788,"featured_media":67242,"comment_status":"closed","ping_status":"closed","sticky":false,"template":"","format":"standard","meta":{"fifu_image_url":"","fifu_image_alt":"","footnotes":""},"categories":[54,76],"tags":[],"class_list":["post-67241","post","type-post","status-publish","format-standard","has-post-thumbnail","hentry","category-maroc","category-regions"],"_links":{"self":[{"href":"https:\/\/linitiative.ca\/International\/wp-json\/wp\/v2\/posts\/67241","targetHints":{"allow":["GET"]}}],"collection":[{"href":"https:\/\/linitiative.ca\/International\/wp-json\/wp\/v2\/posts"}],"about":[{"href":"https:\/\/linitiative.ca\/International\/wp-json\/wp\/v2\/types\/post"}],"author":[{"embeddable":true,"href":"https:\/\/linitiative.ca\/International\/wp-json\/wp\/v2\/users\/1788"}],"replies":[{"embeddable":true,"href":"https:\/\/linitiative.ca\/International\/wp-json\/wp\/v2\/comments?post=67241"}],"version-history":[{"count":0,"href":"https:\/\/linitiative.ca\/International\/wp-json\/wp\/v2\/posts\/67241\/revisions"}],"wp:featuredmedia":[{"embeddable":true,"href":"https:\/\/linitiative.ca\/International\/wp-json\/"}],"wp:attachment":[{"href":"https:\/\/linitiative.ca\/International\/wp-json\/wp\/v2\/media?parent=67241"}],"wp:term":[{"taxonomy":"category","embeddable":true,"href":"https:\/\/linitiative.ca\/International\/wp-json\/wp\/v2\/categories?post=67241"},{"taxonomy":"post_tag","embeddable":true,"href":"https:\/\/linitiative.ca\/International\/wp-json\/wp\/v2\/tags?post=67241"}],"curies":[{"name":"wp","href":"https:\/\/api.w.org\/{rel}","templated":true}]}}