{"id":67246,"date":"2019-11-12T13:04:11","date_gmt":"2019-11-12T18:04:11","guid":{"rendered":"https:\/\/linitiative.ca\/International\/tipasa-mise-en-service-dun-centre-regional-de-stockage-des-cereales\/"},"modified":"2019-11-12T13:04:11","modified_gmt":"2019-11-12T18:04:11","slug":"tipasa-mise-en-service-dun-centre-regional-de-stockage-des-cereales","status":"publish","type":"post","link":"https:\/\/linitiative.ca\/International\/tipasa-mise-en-service-dun-centre-regional-de-stockage-des-cereales\/","title":{"rendered":"Tipasa: mise en service d\u2019un centre r\u00e9gional de stockage des c\u00e9r\u00e9ales"},"content":{"rendered":"<div readability=\"38\">\n<p><strong>TIPASA &#8211; Le secteur agricole de la wilaya de Tipasa a \u00e9t\u00e9 renforc\u00e9, mardi, par un centre r\u00e9gional de stockage des c\u00e9r\u00e9ales, r\u00e9alis\u00e9 \u00e0 Ahmer El Ain, pour une capacit\u00e9 d&#8217;emmagasinage d\u2019un demi-million de qx de c\u00e9r\u00e9ales.<\/strong><\/p>\n<\/div>\n<div readability=\"106.5\">\n<p>Cette structure strat\u00e9gique, mise en service par le ministre de l&rsquo;Agriculture, du D\u00e9veloppement rural et de la P\u00eache, Ch\u00e9rif Omari, en compagnie du wali Mohamed Bouchama, est d\u2019une \u00ab\u00a0contribution certaine dans le renforcement des capacit\u00e9s de stockage du pays, estim\u00e9es a 30 millions de qx\u00a0\u00bb, a-t-on indiqu\u00e9 sur place.<\/p>\n<p>Dans sa d\u00e9claration \u00e0 l\u2019occasion, le ministre a qualifi\u00e9 la structure d\u2019\u00a0\u00bbacquis d\u2019importance strat\u00e9gique\u00a0\u00bb, devant \u00ab\u00a0nous permettre de g\u00e9rer le stock de c\u00e9r\u00e9ales en toute tranquillit\u00e9\u00a0\u00bb, a-t-il dit, \u00ab\u00a0tout en r\u00e9duisant les importations suivant le plan gouvernemental visant le renforcement des capacit\u00e9s de production, le soutien de la production nationale et la r\u00e9duction de la d\u00e9pendance aux importations de c\u00e9r\u00e9ales\u00a0\u00bb.<\/p>\n<blockquote readability=\"12\">\n<p><em><strong>\u00ab\u00a0Nous \u0153uvrons actuellement \u00e0 renforcer la production de bl\u00e9 tendre enregistrant une instabilit\u00e9 sur les march\u00e9s mondiaux\u00a0\u00bb, a ajout\u00e9 M. Omari, signalant que l\u2019Alg\u00e9rie a \u00ab\u00a0enregistr\u00e9 une autosuffisance en mati\u00e8re de bl\u00e9 dur et d\u2019orge, dont le stock disponible peut couvrir nos besoins jusqu\u2019\u00e0 fin 2021\u00a0\u00bb, a-t-il assur\u00e9.<\/strong><\/em><\/p>\n<\/blockquote>\n<p>Le ministre a fait part, \u00e0 ce propos, de \u00ab\u00a0pr\u00e9visions d\u2019exportation du bl\u00e9 dur, durant les prochains ann\u00e9es, si cette tendance est maintenue\u00a0\u00bb, a-t-il estim\u00e9.<\/p>\n<p>La \u00ab\u00a0r\u00e9alisation de ce centre r\u00e9gional de collecte de c\u00e9r\u00e9ales est inscrite au titre d\u2019un programme national ayant permis la r\u00e9alisation de neuf centres similaires \u00e0 l\u2019\u00e9chelle nationale, d\u2019une capacit\u00e9 d\u2019accueil globale de 3,5 millions de qx de c\u00e9r\u00e9ales\u00a0\u00bb, a soulign\u00e9 M. Omari.<\/p>\n<p>Il a signal\u00e9, en outre, le lancement de la r\u00e9alisation de 14 centres de stockage de c\u00e9r\u00e9ales, au titre des mesures d\u00e9cid\u00e9es derni\u00e8rement par le Gouvernement au sujet de la lev\u00e9e de gel sur 30 projets de ce type.<\/p>\n<p>Les 16 autres projets restants sont en cours d\u2019\u00e9tudes \u00ab\u00a0au cas par cas\u00a0\u00bb, a-t-il ajout\u00e9, assurant qu\u2019ils seront repartis sur nombre de r\u00e9gions du pays, notamment les hauts plateaux et le sud, \u00ab\u00a0dans les prochains jours\u00a0\u00bb.<\/p>\n<p>Sur un autre plan, le ministre de l&rsquo;Agriculture, du D\u00e9veloppement rural et de la P\u00eache a abord\u00e9 l\u2019aspect technique li\u00e9 \u00e0 l\u2019am\u00e9lioration du rendement, qu\u2019il a qualifi\u00e9 d'\u00a0\u00bbimportant et strat\u00e9gique\u00a0\u00bb, et ce en adoptant, a-t-il dit des \u00ab\u00a0moyens de travail modernes, conjugu\u00e9s \u00e0 une formation et un encadrement susceptibles de permettre aux agriculteurs de maitriser les techniques de multiplication du rendement, en le portant de 30 qx\/ha \u00e0 50 qx\/ha\u00a0\u00bb, est-il escompt\u00e9.<\/p>\n<p>M. Omari a donn\u00e9, \u00e0 l\u2019occasion, le coup d\u2019envoi d\u2019une campagne de boisement du p\u00e9rim\u00e8tre et de l\u2019int\u00e9rieur de la station de traitement des eaux de Bou Ismail, avant de prendre part \u00e0 une journ\u00e9e d\u2019\u00e9tudes sur la lutte contre la migration ill\u00e9gale.<\/p>\n<\/div>\n<p>Auteur:<br \/>\n<a href=\"http:\/\/www.aps.dz\/regions\/97386-tipasa-mise-en-service-d-un-centre-regional-de-stockage-des-cereales\">Cliquez ici pour lire l&rsquo;article depuis sa source.<\/a><\/p>\n","protected":false},"excerpt":{"rendered":"<p>TIPASA &#8211; Le secteur agricole de la wilaya de Tipasa a \u00e9t\u00e9 renforc\u00e9, mardi, par un centre r\u00e9gional de stockage des c\u00e9r\u00e9ales, r\u00e9alis\u00e9 \u00e0 Ahmer El Ain, pour une capacit\u00e9 d&#8217;emmagasinage d\u2019un demi-million de qx de c\u00e9r\u00e9ales. Cette structure strat\u00e9gique, mise en service par le ministre de l&rsquo;Agriculture, du D\u00e9veloppement rural et de la P\u00eache, [&hellip;]<\/p>\n","protected":false},"author":1790,"featured_media":0,"comment_status":"closed","ping_status":"closed","sticky":false,"template":"","format":"standard","meta":{"fifu_image_url":"","fifu_image_alt":"","footnotes":""},"categories":[53,76],"tags":[],"class_list":["post-67246","post","type-post","status-publish","format-standard","hentry","category-algerie","category-regions"],"_links":{"self":[{"href":"https:\/\/linitiative.ca\/International\/wp-json\/wp\/v2\/posts\/67246","targetHints":{"allow":["GET"]}}],"collection":[{"href":"https:\/\/linitiative.ca\/International\/wp-json\/wp\/v2\/posts"}],"about":[{"href":"https:\/\/linitiative.ca\/International\/wp-json\/wp\/v2\/types\/post"}],"author":[{"embeddable":true,"href":"https:\/\/linitiative.ca\/International\/wp-json\/wp\/v2\/users\/1790"}],"replies":[{"embeddable":true,"href":"https:\/\/linitiative.ca\/International\/wp-json\/wp\/v2\/comments?post=67246"}],"version-history":[{"count":0,"href":"https:\/\/linitiative.ca\/International\/wp-json\/wp\/v2\/posts\/67246\/revisions"}],"wp:attachment":[{"href":"https:\/\/linitiative.ca\/International\/wp-json\/wp\/v2\/media?parent=67246"}],"wp:term":[{"taxonomy":"category","embeddable":true,"href":"https:\/\/linitiative.ca\/International\/wp-json\/wp\/v2\/categories?post=67246"},{"taxonomy":"post_tag","embeddable":true,"href":"https:\/\/linitiative.ca\/International\/wp-json\/wp\/v2\/tags?post=67246"}],"curies":[{"name":"wp","href":"https:\/\/api.w.org\/{rel}","templated":true}]}}