{"id":67247,"date":"2019-11-12T13:30:32","date_gmt":"2019-11-12T18:30:32","guid":{"rendered":"https:\/\/linitiative.ca\/International\/tizi-ouzou-plusieurs-axes-routiers-fermes-a-cause-des-intemperies\/"},"modified":"2019-11-12T13:30:32","modified_gmt":"2019-11-12T18:30:32","slug":"tizi-ouzou-plusieurs-axes-routiers-fermes-a-cause-des-intemperies","status":"publish","type":"post","link":"https:\/\/linitiative.ca\/International\/tizi-ouzou-plusieurs-axes-routiers-fermes-a-cause-des-intemperies\/","title":{"rendered":"Tizi-Ouzou: plusieurs axes routiers ferm\u00e9s \u00e0 cause des intemp\u00e9ries"},"content":{"rendered":"<div readability=\"37\">\n<p><strong>TIZI-OUZOU &#8211; Plusieurs axes routiers ont \u00e9t\u00e9 ferm\u00e9s lundi \u00e0 travers diff\u00e9rentes localit\u00e9s de la wilaya de Tizi-Ouzou apr\u00e8s les importantes quantit\u00e9s de pluie qui se sont abattues sur la wilaya ces deux derniers jours, a-t-on appris aupr\u00e8s du directeur local des Travaux publics (DTP), Sma\u00efl Rabhi.<\/strong><\/p>\n<\/div>\n<div readability=\"94\">\n<p>La RN 15, reliant le chef-lieu de Tizi-Ouzou \u00e0 plusieurs localit\u00e9s du Sud de la wilaya a \u00e9t\u00e9 ferm\u00e9e dans la matin\u00e9e pour cause de deux \u00e9boulements, rocheux et terreux, au niveau du lieu-dit Takhoukhth, et qui a \u00e9t\u00e9 rouvert \u00e0 la circulation en fin de matin\u00e9e a indiqu\u00e9 \u00e0 l\u2019APS, M. Rabhi.<\/p>\n<p>Il a, \u00e9galement, soulign\u00e9 que le m\u00eame axe routier a \u00e9t\u00e9 obstru\u00e9 par l\u2019\u00e9boulement d\u2019un terrassement priv\u00e9 entre les localit\u00e9s de Ain El Hammam et Larba Nath Irathen, au sud-est de la wilaya, ainsi que les Cols de Chellata, dans la commune d\u2019Illoula Oumalou, reliant Tizi-Ouzou avec la wilaya \u00e0 Bejaia, et celui de Tizi N-Koulal dans la commune d\u2019Abi Youcef, reliant les wilayas de Tizi-Ouzou et Bouira.<\/p>\n<p>Dans la commune d\u2019Ait Aissa Mimoune, au Nord-est du chef lieu de wilaya, la route communale reliant plusieurs villages, \u00e0 savoir: Oumlil, Ikheloui\u00e8ne, Laazib, Igounane Ameur a \u00e9t\u00e9 ferm\u00e9e \u00e0 la circulation \u00e0 cause d&rsquo;un ouvrage, refait y a tout juste une semaine, emport\u00e9 par les eaux, a relev\u00e9 le m\u00eame responsable.<\/p>\n<p>En outre, dans la commune de Bouzguene, \u00e0 l\u2019Est de Tizi-Ouzou, un oued en crue au lieu-dit Azaghar avait emport\u00e9 un v\u00e9hicule l\u00e9ger causant la mort d\u2019une personne. En d\u00e9placement sur les lieux, le chef de l\u2019ex\u00e9cutif local, Mahmoud Djammaa a instruit la DTP de lancer dans l\u2019imm\u00e9diat une \u00e9tude et de proc\u00e9der \u00e0 la prise en charge de cet axe routier.<\/p>\n<p>En ao\u00fbt dernier, lors d\u2019une r\u00e9union du conseil de wilaya consacr\u00e9e \u00e0 la pr\u00e9paration de la saison hivernale, une commission multisectorielle regroupant la DTP, l\u2019Office national d\u2019assainissement (ONA), la direction locale des ressources en eau (DRE) et la protection civile, charg\u00e9e de recenser les points noirs \u00e0 travers la wilaya.<\/p>\n<p>Le chef de l\u2019ex\u00e9cutif local avait, mis l&rsquo;accent, lors de cette r\u00e9union, sur \u00ab\u00a0la n\u00e9cessit\u00e9 d\u2019\u00e9tablir une carte des zones d\u2019enneigement et celles inondables et de prendre toutes les mesures pr\u00e9ventives qui s\u2019imposent pour \u00e9viter les situations catastrophiques\u00a0\u00bb.<\/p>\n<\/div>\n<p>Auteur:<br \/>\n<a href=\"http:\/\/www.aps.dz\/regions\/97389-tizi-ouzou-plusieurs-axes-routiers-fermes-a-cause-des-intemperies\">Cliquez ici pour lire l&rsquo;article depuis sa source.<\/a><\/p>\n","protected":false},"excerpt":{"rendered":"<p>TIZI-OUZOU &#8211; Plusieurs axes routiers ont \u00e9t\u00e9 ferm\u00e9s lundi \u00e0 travers diff\u00e9rentes localit\u00e9s de la wilaya de Tizi-Ouzou apr\u00e8s les importantes quantit\u00e9s de pluie qui se sont abattues sur la wilaya ces deux derniers jours, a-t-on appris aupr\u00e8s du directeur local des Travaux publics (DTP), Sma\u00efl Rabhi. La RN 15, reliant le chef-lieu de Tizi-Ouzou [&hellip;]<\/p>\n","protected":false},"author":1790,"featured_media":0,"comment_status":"closed","ping_status":"closed","sticky":false,"template":"","format":"standard","meta":{"fifu_image_url":"","fifu_image_alt":"","footnotes":""},"categories":[53,76],"tags":[],"class_list":["post-67247","post","type-post","status-publish","format-standard","hentry","category-algerie","category-regions"],"_links":{"self":[{"href":"https:\/\/linitiative.ca\/International\/wp-json\/wp\/v2\/posts\/67247","targetHints":{"allow":["GET"]}}],"collection":[{"href":"https:\/\/linitiative.ca\/International\/wp-json\/wp\/v2\/posts"}],"about":[{"href":"https:\/\/linitiative.ca\/International\/wp-json\/wp\/v2\/types\/post"}],"author":[{"embeddable":true,"href":"https:\/\/linitiative.ca\/International\/wp-json\/wp\/v2\/users\/1790"}],"replies":[{"embeddable":true,"href":"https:\/\/linitiative.ca\/International\/wp-json\/wp\/v2\/comments?post=67247"}],"version-history":[{"count":0,"href":"https:\/\/linitiative.ca\/International\/wp-json\/wp\/v2\/posts\/67247\/revisions"}],"wp:attachment":[{"href":"https:\/\/linitiative.ca\/International\/wp-json\/wp\/v2\/media?parent=67247"}],"wp:term":[{"taxonomy":"category","embeddable":true,"href":"https:\/\/linitiative.ca\/International\/wp-json\/wp\/v2\/categories?post=67247"},{"taxonomy":"post_tag","embeddable":true,"href":"https:\/\/linitiative.ca\/International\/wp-json\/wp\/v2\/tags?post=67247"}],"curies":[{"name":"wp","href":"https:\/\/api.w.org\/{rel}","templated":true}]}}