{"id":67248,"date":"2019-11-12T05:15:00","date_gmt":"2019-11-12T10:15:00","guid":{"rendered":"https:\/\/linitiative.ca\/International\/tourisme-fes-et-cordoue-se-rapprochent-grace-au-patrimoine\/"},"modified":"2019-11-12T05:15:00","modified_gmt":"2019-11-12T10:15:00","slug":"tourisme-fes-et-cordoue-se-rapprochent-grace-au-patrimoine","status":"publish","type":"post","link":"https:\/\/linitiative.ca\/International\/tourisme-fes-et-cordoue-se-rapprochent-grace-au-patrimoine\/","title":{"rendered":"Tourisme: F\u00e8s et Cordoue se rapprochent gr\u00e2ce au patrimoine"},"content":{"rendered":"<div readability=\"34\">\n<p>Des chercheurs esquissent les similitudes entre les deux villes<\/p>\n<p>Une initiative du CRT qui veut promouvoir l\u2019histoire commune<\/p>\n<\/div>\n<div readability=\"145.5\">\n<div class=\"dnd-atom-wrapper type-image context-sdl_editor_representation atom-align-right\" contenteditable=\"false\" readability=\"34\">\n<div class=\"dnd-drop-wrapper image\"><img loading=\"lazy\" decoding=\"async\" typeof=\"foaf:Image\" class=\"img-responsive\" src=\"https:\/\/leconomiste.com\/sites\/default\/files\/eco7\/public\/thumbnails\/image\/cordoue-031.jpg\" width=\"454\" height=\"302\" alt=\"cordoue-031.jpg\" title=\"cordoue-031.jpg\"\/><\/div>\n<div class=\"dnd-legend-wrapper\" contenteditable=\"true\" readability=\"13\">\n<p class=\"rtejustify\">Du 6 au 9 novembre, une trentaine d\u2019universitaires et professionnels du tourisme esquissent le r\u00f4le du patrimoine culturel, architectural, mat\u00e9riel et immat\u00e9riel\u2026 dans le d\u00e9veloppement de l\u2019activit\u00e9 touristique des villes de Cordoue et F\u00e8s. La programmation d\u2019un package r\u00e9unissant les deux villes est \u00e0 l\u2019\u00e9tude<\/p>\n<\/div>\n<\/div>\n<p class=\"rtejustify\">\u00abF\u00e8s et Cordoue, un patrimoine partag\u00e9\u00bb. C\u2019est en tout cas la conviction d\u2019historiens, chercheurs universitaires, experts et responsables du Conseil r\u00e9gional du tourisme (CRT-F\u00e8s) et leurs homologues espagnols, qui ont esquiss\u00e9, lors d\u2019une rencontre tenue le 7 novembre \u00e0 Cordoue (Espagne), les contours de ce lien fan\u00e9, perdu, complexe comme une arabesque lors d\u2019une rencontre sous le th\u00e8me: \u00abA la rencontre de nos deux cultures: F\u00e8s-Cordoue\u00bb.<\/p>\n<p class=\"rtejustify\">\u00abCe workshop s\u2019inscrit dans le cadre de la promotion de la ville de F\u00e8s et sa r\u00e9gion en Espagne. Elle permet un rapprochement entre les op\u00e9rateurs des deux rives gr\u00e2ce au patrimoine, la culture, et la gastronomie\u00bb, rapporte Yassir Jawhar, pr\u00e9sident d\u00e9l\u00e9gu\u00e9 du CRT de F\u00e8s. Selon lui, \u00able CRT \u0153uvre pour la promotion de F\u00e8s au sud de l\u2019Espagne\u2026 en vue de programmer des packages r\u00e9unissant deux destinations de culture et de tradition\u00bb.<\/p>\n<p class=\"rtejustify\">Sous l\u2019intitul\u00e9 \u00abun voyage, deux continents\u00bb, l\u2019id\u00e9e d\u00e9fendue par les professionnels fassis depuis le dernier salon \u00abFitur\u00bb (\u00e0 Madrid) semble prendre forme. Pour la concr\u00e9tiser, les op\u00e9rateurs comptent sur l\u2019appui de l\u2019ONMT, outre une offre de TO espagnols ainsi que la pertinence des travaux d\u2019historiens et d\u2019universitaires marocains et ib\u00e9riques.<\/p>\n<p class=\"rtejustify\">Initi\u00e9e par l\u2019Association Lissane Eddine Ibn Al Khatib et l\u2019Acad\u00e9mie royale des sciences, des belles lettres et des arts nobles de Cordoue en collaboration avec le CRT de F\u00e8s, la commune de F\u00e8s et la Fondation Paradigma de Cordoue, cette op\u00e9ration, qui se poursuit jusqu\u2019au 9 novembre, invite une trentaine d\u2019universitaires et professionnels du tourisme. Leur objectif est de promouvoir l\u2019histoire commune ainsi que les multiples facettes de la capitale spirituelle en Espagne.<\/p>\n<p class=\"rtejustify\">Durant ce s\u00e9jour, les r\u00e9flexions devront porter sur \u00abAl Andalous et le Maroc, une histoire en partage\u00bb, \u00abF\u00e8s et Cordoue, des cit\u00e9s d\u2019histoire et d\u2019arts\u00bb, \u00abEconomie et management des entreprises du tourisme\u00bb, \u00abL\u2019artisanat, patrimoine partag\u00e9\u00bb, \u00abF\u00e8s et Cordoue, lieux de rencontre\u00bb et \u00abPatrimoine et gestion du tourisme culturel\u00bb, etc. \u00abDe F\u00e8s \u00e0 Cordoue, la nostalgie du bref \u00e2ge d\u2019or, durant lequel les deux villes entretenaient un lien f\u00e9cond, n\u2019est pas \u00e9teinte\u00bb, ont affirm\u00e9 les experts marocains.<\/p>\n<p class=\"rtejustify\">\u00abL\u2019Andalousie des XIe et XIIe si\u00e8cles fut l\u2019une des plus brillantes r\u00e9gions de l\u2019esprit humain. Les savants des trois religions monoth\u00e9istes \u00e9labor\u00e8rent, ensemble, les \u0153uvres les plus marquantes du Moyen-\u00c2ge, et les architectes des trois communaut\u00e9s fa\u00e7onn\u00e8rent l\u2019expression architecturale la plus raffin\u00e9e du monde m\u00e9diterran\u00e9en: l\u2019architecture hispano-mauresque\u00bb, soulignent les historiens espagnols.<\/p>\n<div class=\"dnd-atom-wrapper type-image context-sdl_editor_representation\" contenteditable=\"false\">\n<div class=\"dnd-drop-wrapper image\"><img loading=\"lazy\" decoding=\"async\" typeof=\"foaf:Image\" class=\"img-responsive\" src=\"https:\/\/www.leconomiste.com\/sites\/default\/files\/eco7\/public\/thumbnails\/image\/cordou-et-fes-031.jpg\" width=\"660\" height=\"330\" alt=\"cordou-et-fes-031.jpg\" title=\"cordou-et-fes-031.jpg\"\/><\/div>\n<\/div>\n<p class=\"rtejustify\">Situ\u00e9e dans le sud de l\u2019Espagne, Cordoue est une ville d\u2019Andalousie. La ville poss\u00e8de un riche patrimoine architectural et culturel, qui conserve des vestiges des diff\u00e9rentes phases de son histoire. Dans l\u2019Antiquit\u00e9, la ville est la capitale de la province romaine d\u2019Hispanie ult\u00e9rieure pendant la p\u00e9riode r\u00e9publicaine, puis de la province de B\u00e9tique durant l\u2019Empire romain.<\/p>\n<p class=\"rtejustify\">Aujourd\u2019hui encore, son patrimoine exceptionnel rappelle les traces somptueuses de son pass\u00e9 faste. Cette ancienne ville romaine est surtout connue pour La Mezquita, immense mosqu\u00e9e datant de l\u2019an 784, la c\u00e9l\u00e8bre colonnade de sa salle de pri\u00e8re et ses vieilles mosa\u00efques byzantines. Apr\u00e8s sa transformation en \u00e9glise catholique en 1236, elle a \u00e9t\u00e9 agr\u00e9ment\u00e9e d\u2019une nef de style Renaissance au XVIIe si\u00e8cle.<\/p>\n<p class=\"rtejustify\">Pour sa part, la ville de F\u00e8s doit sa c\u00e9l\u00e9brit\u00e9 mondiale \u00e0 la richesse et \u00e0 la diversit\u00e9 de son patrimoine civilisationnel et aux diff\u00e9rentes personnalit\u00e9s scientifiques, politiques, intellectuelles qu\u2019elle a produites. Sa m\u00e9dina, la plus vieille et la plus grande du monde, est l\u2019exemple mod\u00e8le de la ville orientale. Celle-ci est d\u2019ailleurs plac\u00e9e sous la protection de l\u2019Unesco. La ville a \u00e9t\u00e9 fond\u00e9e par Idriss Ier en 789.<\/p>\n<p class=\"rtejustify\">Les sources d\u2019eau aux alentours de la ville ont sans doute \u00e9t\u00e9 un crit\u00e8re important lors du choix de l\u2019\u00e9dification de la ville. Des Idrissides aux Alaouites, des Andalous aux Juifs, toutes les dynasties et tous les peuples ont laiss\u00e9 leur empreinte sur F\u00e8s. Rappelons enfin que celle-ci est li\u00e9e \u00e0 Cordoue par un accord de jumelage entretenu depuis une vingtaine d\u2019ann\u00e9es.<\/p>\n<blockquote readability=\"18\">\n<p class=\"rtecenter\"><strong><span class=\"c4\">Positionner le produit culturel<\/span><\/strong><\/p>\n<p class=\"rtejustify\">Il est des associations qui oeuvrent d\u2019arrache-pied pour que les gens puissent se rencontrer afin d\u2019\u00e9changer leurs id\u00e9es et leur culture. L\u2019association Lissane Eddine Ibn Al Khatib en fait partie. Celle-ci r\u00e9unit plusieurs chercheurs en sciences humaines et hommes de lettres. Ils se concertent r\u00e9guli\u00e8rement, dialoguent, dissertent et pensent l\u2019avenir en \u00e9voquant les enseignements des anciens. A Cordoue, ils ont esquiss\u00e9 les dynasties musulmanes qui se sont distingu\u00e9es par leur raffinement architectural. Pour eux, \u00ables deux villes (F\u00e8s et Cordoue) poss\u00e8dent des merveilles architecturales reconnues mondialement. Pour go\u00fbter \u00e0 la juste valeur de cet h\u00e9ritage, il faut venir visiter la m\u00e9dina de F\u00e8s, class\u00e9e par l\u2019Unesco. \u00abLes villes espagnoles charg\u00e9es d\u2019histoire font le plein pendant les hautes saisons touristiques. Au m\u00eame titre, F\u00e8s veut aujourd\u2019hui se positionner par rapport \u00e0 ses concurrentes et mettre en valeur ses atouts culturels et historiques\u00bb, conclut Jawhar.<\/p>\n<\/blockquote>\n<p class=\"rtejustify\"><em>De notre correspondant permanent, Youness SAAD ALAMI<\/em><\/p>\n<p class=\"rtejustify\">\u00a0<\/p>\n<p class=\"rtejustify\">\u00a0<\/p>\n<\/div>\n<p>Auteur: hlafriqi<br \/>\n<a href=\"https:\/\/www.leconomiste.com\/article\/1052898-tourisme-fes-et-cordoue-se-rapprochent-grace-au-patrimoine\">Cliquez ici pour lire l&rsquo;article depuis sa source.<\/a><\/p>\n","protected":false},"excerpt":{"rendered":"<p>Des chercheurs esquissent les similitudes entre les deux villes Une initiative du CRT qui veut promouvoir l\u2019histoire commune Du 6 au 9 novembre, une trentaine d\u2019universitaires et professionnels du tourisme esquissent le r\u00f4le du patrimoine culturel, architectural, mat\u00e9riel et immat\u00e9riel\u2026 dans le d\u00e9veloppement de l\u2019activit\u00e9 touristique des villes de Cordoue et F\u00e8s. La programmation d\u2019un [&hellip;]<\/p>\n","protected":false},"author":1763,"featured_media":67249,"comment_status":"closed","ping_status":"closed","sticky":false,"template":"","format":"standard","meta":{"fifu_image_url":"","fifu_image_alt":"","footnotes":""},"categories":[78,54],"tags":[],"class_list":["post-67248","post","type-post","status-publish","format-standard","has-post-thumbnail","hentry","category-economie","category-maroc"],"_links":{"self":[{"href":"https:\/\/linitiative.ca\/International\/wp-json\/wp\/v2\/posts\/67248","targetHints":{"allow":["GET"]}}],"collection":[{"href":"https:\/\/linitiative.ca\/International\/wp-json\/wp\/v2\/posts"}],"about":[{"href":"https:\/\/linitiative.ca\/International\/wp-json\/wp\/v2\/types\/post"}],"author":[{"embeddable":true,"href":"https:\/\/linitiative.ca\/International\/wp-json\/wp\/v2\/users\/1763"}],"replies":[{"embeddable":true,"href":"https:\/\/linitiative.ca\/International\/wp-json\/wp\/v2\/comments?post=67248"}],"version-history":[{"count":0,"href":"https:\/\/linitiative.ca\/International\/wp-json\/wp\/v2\/posts\/67248\/revisions"}],"wp:featuredmedia":[{"embeddable":true,"href":"https:\/\/linitiative.ca\/International\/wp-json\/"}],"wp:attachment":[{"href":"https:\/\/linitiative.ca\/International\/wp-json\/wp\/v2\/media?parent=67248"}],"wp:term":[{"taxonomy":"category","embeddable":true,"href":"https:\/\/linitiative.ca\/International\/wp-json\/wp\/v2\/categories?post=67248"},{"taxonomy":"post_tag","embeddable":true,"href":"https:\/\/linitiative.ca\/International\/wp-json\/wp\/v2\/tags?post=67248"}],"curies":[{"name":"wp","href":"https:\/\/api.w.org\/{rel}","templated":true}]}}