{"id":67254,"date":"2019-11-12T06:15:00","date_gmt":"2019-11-12T11:15:00","guid":{"rendered":"https:\/\/linitiative.ca\/International\/la-zone-euro-sinstalle-dans-la-morosite\/"},"modified":"2019-11-12T06:15:00","modified_gmt":"2019-11-12T11:15:00","slug":"la-zone-euro-sinstalle-dans-la-morosite","status":"publish","type":"post","link":"https:\/\/linitiative.ca\/International\/la-zone-euro-sinstalle-dans-la-morosite\/","title":{"rendered":"La zone euro s\u2019installe dans la morosit\u00e9"},"content":{"rendered":"<div readability=\"36\">\n<p>La croissance \u00e9conomique limit\u00e9e \u00e0 1,1% en 2019<\/p>\n<p>Elle devrait passer \u00e0 1,2% lors des deux prochaines ann\u00e9es<\/p>\n<\/div>\n<div readability=\"105\">\n<div class=\"dnd-atom-wrapper type-image context-sdl_editor_representation atom-align-right\" contenteditable=\"false\" readability=\"33.5\">\n<div class=\"dnd-drop-wrapper image\"><img loading=\"lazy\" decoding=\"async\" typeof=\"foaf:Image\" class=\"img-responsive\" src=\"https:\/\/leconomiste.com\/sites\/default\/files\/eco7\/public\/thumbnails\/image\/ue-croissance-031.jpg\" width=\"340\" height=\"463\" alt=\"ue-croissance-031.jpg\" title=\"ue-croissance-031.jpg\"\/><\/div>\n<div class=\"dnd-legend-wrapper\" contenteditable=\"true\" readability=\"12\">\n<p class=\"rtejustify\">Apr\u00e8s des signes de redressement, la Commission europ\u00e9enne vient de revoir \u00e0 la baisse ses pr\u00e9visions de croissance pour la zone euro. Elle devrait se limiter \u00e0 1,2% du PIB, mais avec une ma\u00eetrise de l\u2019inflation<\/p>\n<\/div>\n<\/div>\n<p class=\"rtejustify\">Apr\u00e8s avoir augment\u00e9 de 1,9% en 2018, le produit int\u00e9rieur brut (PIB) de la zone euro devrait progresser de 1,1% en 2019, puis de 1,2% en 2020 et 2021. Si l&rsquo;on consid\u00e8re les vingt-sept pays de l&rsquo;Union (hors Royaume-Uni), la croissance devrait atteindre 1,4% pour chacune des trois ann\u00e9es \u00e9tudi\u00e9es.<\/p>\n<p class=\"rtejustify\">La Commission europ\u00e9enne a revu jeudi \u00e0 la baisse ses pr\u00e9visions de croissance pour 2019 et 2020, en raison d&rsquo;un environnement ext\u00e9rieur \u00abbeaucoup moins favorable\u00bb et anticipe pour l&rsquo;UE \u00abune p\u00e9riode prolong\u00e9e de moindre croissance et de tr\u00e8s faible inflation\u00bb.<\/p>\n<p class=\"rtejustify\">Bruxelles pr\u00e9voit d\u00e9sormais une croissance de 1,1% du PIB en 2019, contre 1,2% lors de ses pr\u00e9visions d&rsquo;\u00e9t\u00e9, puis 1,2% en 2020, contre 1,4% pr\u00e9c\u00e9demment. En 2021, la croissance devrait aussi atteindre 1,2%. Pour le vice-pr\u00e9sident de la Commission, Valdis Dombrovskis, \u00abl&rsquo;\u00e9conomie europ\u00e9enne a r\u00e9sist\u00e9 malgr\u00e9 un contexte ext\u00e9rieur moins favorable\u00bb.\u00a0 Et d\u2019ajouter,\u00a0 \u00abnous pourrions toutefois rencontrer des difficult\u00e9s \u00e0 l&rsquo;avenir: une p\u00e9riode de grande incertitude li\u00e9e aux conflits commerciaux, \u00e0 l&rsquo;accentuation des tensions g\u00e9opolitiques, \u00e0 la faiblesse persistante du secteur manufacturier et au Brexit\u00bb.<\/p>\n<p class=\"rtejustify\">Autant de menaces qui, combin\u00e9es \u00e0 un \u00e9ventuel ralentissement plus brutal que pr\u00e9vu en Chine, font peser un risque de r\u00e9vision \u00e0 la baisse de ces pr\u00e9visions, souligne Bruxelles. Dans le contexte d&rsquo;une croissance mondiale \u00abvou\u00e9e \u00e0 rester atone\u00bb, la Commission consid\u00e8re que l&rsquo;activit\u00e9 en Europe d\u00e9pendra de la vigueur des secteurs plus particuli\u00e8rement tourn\u00e9s vers le march\u00e9 int\u00e9rieur.<\/p>\n<p class=\"rtejustify\">Pour cela, elle invite comme \u00e0 l&rsquo;accoutum\u00e9e les Etats membres qui le peuvent \u00e0 mettre en place des mesures budg\u00e9taires de soutien, un appel \u00e0 peine voil\u00e9 \u00e0 l&rsquo;Allemagne ou encore aux Pays-Bas, rares membres de la zone euro \u00e0 b\u00e9n\u00e9ficier d&rsquo;une telle capacit\u00e9.<\/p>\n<p class=\"rtejustify\">Mais l&rsquo;Allemagne est aujourd&rsquo;hui particuli\u00e8rement touch\u00e9e par la contraction du secteur manufacturier en raison de la part \u00e9lev\u00e9e de l&rsquo;industrie dans son \u00e9conomie et ses exportations. Et sa croissance reste, en cons\u00e9quence, plus faible que la moyenne de la zone euro: 0,4% en 2019, puis 1% en 2020 et 2021.<\/p>\n<p class=\"rtejustify\">Les pays sans marge budg\u00e9taire sont eux invit\u00e9s par\u00a0 Dombrovskis \u00ab\u00e0 mener des politiques budg\u00e9taires prudentes et \u00e0 ramener leur niveau d&rsquo;endettement sur une trajectoire descendante\u00bb.<\/p>\n<p class=\"rtejustify\">Parmi eux, l&rsquo;Italie inqui\u00e8te particuli\u00e8rement, car sa dette d\u00e9j\u00e0 importante en 2019 (136,2% du PIB) devrait, selon Bruxelles, augmenter en 2020 (136,8%) et 2021 (137,4%). Ces chiffres sont plus \u00e9lev\u00e9s que ceux des derni\u00e8res pr\u00e9visions de la Commission au printemps.<\/p>\n<p class=\"rtejustify\"><em>A.G.<\/em><\/p>\n<\/div>\n<p>Auteur: hlafriqi<br \/>\n<a href=\"https:\/\/www.leconomiste.com\/article\/1052894-la-zone-euro-s-installe-dans-la-morosite\">Cliquez ici pour lire l&rsquo;article depuis sa source.<\/a><\/p>\n","protected":false},"excerpt":{"rendered":"<p>La croissance \u00e9conomique limit\u00e9e \u00e0 1,1% en 2019 Elle devrait passer \u00e0 1,2% lors des deux prochaines ann\u00e9es Apr\u00e8s des signes de redressement, la Commission europ\u00e9enne vient de revoir \u00e0 la baisse ses pr\u00e9visions de croissance pour la zone euro. Elle devrait se limiter \u00e0 1,2% du PIB, mais avec une ma\u00eetrise de l\u2019inflation Apr\u00e8s [&hellip;]<\/p>\n","protected":false},"author":1763,"featured_media":67255,"comment_status":"closed","ping_status":"closed","sticky":false,"template":"","format":"standard","meta":{"fifu_image_url":"","fifu_image_alt":"","footnotes":""},"categories":[78,54],"tags":[],"class_list":["post-67254","post","type-post","status-publish","format-standard","has-post-thumbnail","hentry","category-economie","category-maroc"],"_links":{"self":[{"href":"https:\/\/linitiative.ca\/International\/wp-json\/wp\/v2\/posts\/67254","targetHints":{"allow":["GET"]}}],"collection":[{"href":"https:\/\/linitiative.ca\/International\/wp-json\/wp\/v2\/posts"}],"about":[{"href":"https:\/\/linitiative.ca\/International\/wp-json\/wp\/v2\/types\/post"}],"author":[{"embeddable":true,"href":"https:\/\/linitiative.ca\/International\/wp-json\/wp\/v2\/users\/1763"}],"replies":[{"embeddable":true,"href":"https:\/\/linitiative.ca\/International\/wp-json\/wp\/v2\/comments?post=67254"}],"version-history":[{"count":0,"href":"https:\/\/linitiative.ca\/International\/wp-json\/wp\/v2\/posts\/67254\/revisions"}],"wp:featuredmedia":[{"embeddable":true,"href":"https:\/\/linitiative.ca\/International\/wp-json\/"}],"wp:attachment":[{"href":"https:\/\/linitiative.ca\/International\/wp-json\/wp\/v2\/media?parent=67254"}],"wp:term":[{"taxonomy":"category","embeddable":true,"href":"https:\/\/linitiative.ca\/International\/wp-json\/wp\/v2\/categories?post=67254"},{"taxonomy":"post_tag","embeddable":true,"href":"https:\/\/linitiative.ca\/International\/wp-json\/wp\/v2\/tags?post=67254"}],"curies":[{"name":"wp","href":"https:\/\/api.w.org\/{rel}","templated":true}]}}