{"id":67256,"date":"2019-11-12T09:00:00","date_gmt":"2019-11-12T14:00:00","guid":{"rendered":"https:\/\/linitiative.ca\/International\/charte-dethique-des-pratiques-electorales-signature-samedi\/"},"modified":"2019-11-12T09:00:00","modified_gmt":"2019-11-12T14:00:00","slug":"charte-dethique-des-pratiques-electorales-signature-samedi","status":"publish","type":"post","link":"https:\/\/linitiative.ca\/International\/charte-dethique-des-pratiques-electorales-signature-samedi\/","title":{"rendered":"Charte d\u2019Ethique des pratiques \u00e9lectorales : Signature samedi"},"content":{"rendered":"<p>La Charte d\u2019Ethique des pratiques \u00e9lectorale sera sign\u00e9e dans l\u2019apr\u00e8s-midi du samedi \u00e0 l\u2019\u00c9cole Sup\u00e9rieure d&rsquo;h\u00f4tellerie et de Restauration d\u2019Ain Benian, \u00e0 l\u2019Ouest d\u2019Alger. Le texte d\u00e9finit en une dizaine de points les principes g\u00e9n\u00e9raux auxquels souscriront tous les acteurs du processus \u00e9lectoral, \u00e0 savoir les membres de l\u2019Autorit\u00e9 nationale ind\u00e9pendante des Elections et ceux relevant de ses d\u00e9membrements, les candidats et les partis politiques qui participent \u00e0 l\u2019\u00e9lection ainsi les responsables des m\u00e9dias nationaux, publics et priv\u00e9s, \u00e9crits, audiovisuels ou \u00e9lectroniques.\u00a0 \u00a0<\/p>\n<p>Encadrant le comportement moral des principaux acteurs de la comp\u00e9tition \u00e9lectorale, la Charte les engage ainsi \u00e0 la tenue d\u2019une \u00e9lection libre et \u00e9quitable et \u00e0 respecter les lois \u00e9lectorales en s\u2019effor\u00e7ant de renforcer la confiance du citoyen et la d\u00e9fense des droits d\u00e9mocratiques des Alg\u00e9riens.\u00a0<\/p>\n<p>Cette signature intervient \u00e0 la veille du lancement officiel de la campagne \u00e9lectorale et constitue une premi\u00e8re dans nos m\u0153urs politiques.<\/p>\n<p>Auteur: elmoudjahid<br \/>\n<a href=\"http:\/\/www.elmoudjahid.com\/fr\/actualites\/144405\">Cliquez ici pour lire l&rsquo;article depuis sa source.<\/a><\/p>\n","protected":false},"excerpt":{"rendered":"<p>La Charte d\u2019Ethique des pratiques \u00e9lectorale sera sign\u00e9e dans l\u2019apr\u00e8s-midi du samedi \u00e0 l\u2019\u00c9cole Sup\u00e9rieure d&rsquo;h\u00f4tellerie et de Restauration d\u2019Ain Benian, \u00e0 l\u2019Ouest d\u2019Alger. Le texte d\u00e9finit en une dizaine de points les principes g\u00e9n\u00e9raux auxquels souscriront tous les acteurs du processus \u00e9lectoral, \u00e0 savoir les membres de l\u2019Autorit\u00e9 nationale ind\u00e9pendante des Elections et ceux [&hellip;]<\/p>\n","protected":false},"author":1744,"featured_media":0,"comment_status":"closed","ping_status":"closed","sticky":false,"template":"","format":"standard","meta":{"fifu_image_url":"","fifu_image_alt":"","footnotes":""},"categories":[73,53],"tags":[],"class_list":["post-67256","post","type-post","status-publish","format-standard","hentry","category-actualite","category-algerie"],"_links":{"self":[{"href":"https:\/\/linitiative.ca\/International\/wp-json\/wp\/v2\/posts\/67256","targetHints":{"allow":["GET"]}}],"collection":[{"href":"https:\/\/linitiative.ca\/International\/wp-json\/wp\/v2\/posts"}],"about":[{"href":"https:\/\/linitiative.ca\/International\/wp-json\/wp\/v2\/types\/post"}],"author":[{"embeddable":true,"href":"https:\/\/linitiative.ca\/International\/wp-json\/wp\/v2\/users\/1744"}],"replies":[{"embeddable":true,"href":"https:\/\/linitiative.ca\/International\/wp-json\/wp\/v2\/comments?post=67256"}],"version-history":[{"count":0,"href":"https:\/\/linitiative.ca\/International\/wp-json\/wp\/v2\/posts\/67256\/revisions"}],"wp:attachment":[{"href":"https:\/\/linitiative.ca\/International\/wp-json\/wp\/v2\/media?parent=67256"}],"wp:term":[{"taxonomy":"category","embeddable":true,"href":"https:\/\/linitiative.ca\/International\/wp-json\/wp\/v2\/categories?post=67256"},{"taxonomy":"post_tag","embeddable":true,"href":"https:\/\/linitiative.ca\/International\/wp-json\/wp\/v2\/tags?post=67256"}],"curies":[{"name":"wp","href":"https:\/\/api.w.org\/{rel}","templated":true}]}}