{"id":67257,"date":"2019-11-12T11:01:00","date_gmt":"2019-11-12T16:01:00","guid":{"rendered":"https:\/\/linitiative.ca\/International\/djamel-belmadi-prone-la-prudence-face-aux-equipes-africaines\/"},"modified":"2019-11-12T11:01:00","modified_gmt":"2019-11-12T16:01:00","slug":"djamel-belmadi-prone-la-prudence-face-aux-equipes-africaines","status":"publish","type":"post","link":"https:\/\/linitiative.ca\/International\/djamel-belmadi-prone-la-prudence-face-aux-equipes-africaines\/","title":{"rendered":"Djamel Belmadi pr\u00f4ne la prudence face aux \u00e9quipes africaines"},"content":{"rendered":"<p><strong>Il a insist\u00e9 mardi sur l&rsquo;importance de bien entamer les qualifications \u00e0 la Coupe d&rsquo;Afrique des nations \u00e0 l&rsquo;occasion de la premi\u00e8re journ\u00e9e jeudi \u00e0 Blida face \u00e0 la Zambie, appelant \u00e0 ne sous-estimer aucune \u00e9quipe africaine.<\/strong><\/p>\n<p>.\u00a0\u00ab\u00a0Il est toujours tr\u00e8s important de bien d\u00e9marrer cette phase de qualification, notamment \u00e0 domicile. Rien ne sera facile et on se doit de remporter les trois points \u00e0 domicile. Le match face \u00e0 la Zambie ne sera pas uniquement difficile sur papier mais aussi par rapport \u00e0 la double confrontation lors des \u00e9liminatoires de la Coupe du monde 2018 (victoire de la Zambie, ndlr). Je pense que le fait d&rsquo;avoir perdu six points face \u00e0 eux constituera une motivation pour nous\u00a0\u00bb, a d\u00e9clar\u00e9 Belmadi en conf\u00e9rence de presse au Centre technique national de Sidi-Moussa. Le s\u00e9lectionneur national a expliqu\u00e9 qu&rsquo;il fallait jouer \u00ab\u00a0match par match\u00a0\u00bb car il n&rsquo;y a plus de petites \u00e9quipes sur la sc\u00e8ne africaine.\u00a0 &lsquo;\u00a0\u00ab\u00a0On sait qu&rsquo;il n&rsquo;y a plus de petites \u00e9quipes en Afrique et que tous les matchs sont difficiles. Aussi, le fait de jouer face aux champions d&rsquo;Afrique rendra plus compliqu\u00e9e notre mission, ce sera notre quotidien et on doit l&rsquo;accepter. On n&rsquo;a pas le souci de prendre les matchs \u00e0 la l\u00e9g\u00e8re mais nous sommes oblig\u00e9s de pr\u00e9parer cette rencontre d&rsquo;une bonne mani\u00e8re\u00a0\u00bb. Face \u00e0 la Zambie, il s&rsquo;agira du premier match officiel des Alg\u00e9riens depuis leur cons\u00e9cration \u00e0 la derni\u00e8re CAN-2019.<\/p>\n<p>R\u00e9daction Web<\/p>\n<p>Auteur: elmoudjahid<br \/>\n<a href=\"http:\/\/www.elmoudjahid.com\/fr\/actualites\/144406\">Cliquez ici pour lire l&rsquo;article depuis sa source.<\/a><\/p>\n","protected":false},"excerpt":{"rendered":"<p>Il a insist\u00e9 mardi sur l&rsquo;importance de bien entamer les qualifications \u00e0 la Coupe d&rsquo;Afrique des nations \u00e0 l&rsquo;occasion de la premi\u00e8re journ\u00e9e jeudi \u00e0 Blida face \u00e0 la Zambie, appelant \u00e0 ne sous-estimer aucune \u00e9quipe africaine. .\u00a0\u00ab\u00a0Il est toujours tr\u00e8s important de bien d\u00e9marrer cette phase de qualification, notamment \u00e0 domicile. Rien ne sera [&hellip;]<\/p>\n","protected":false},"author":1744,"featured_media":0,"comment_status":"closed","ping_status":"closed","sticky":false,"template":"","format":"standard","meta":{"fifu_image_url":"","fifu_image_alt":"","footnotes":""},"categories":[73,53],"tags":[],"class_list":["post-67257","post","type-post","status-publish","format-standard","hentry","category-actualite","category-algerie"],"_links":{"self":[{"href":"https:\/\/linitiative.ca\/International\/wp-json\/wp\/v2\/posts\/67257","targetHints":{"allow":["GET"]}}],"collection":[{"href":"https:\/\/linitiative.ca\/International\/wp-json\/wp\/v2\/posts"}],"about":[{"href":"https:\/\/linitiative.ca\/International\/wp-json\/wp\/v2\/types\/post"}],"author":[{"embeddable":true,"href":"https:\/\/linitiative.ca\/International\/wp-json\/wp\/v2\/users\/1744"}],"replies":[{"embeddable":true,"href":"https:\/\/linitiative.ca\/International\/wp-json\/wp\/v2\/comments?post=67257"}],"version-history":[{"count":0,"href":"https:\/\/linitiative.ca\/International\/wp-json\/wp\/v2\/posts\/67257\/revisions"}],"wp:attachment":[{"href":"https:\/\/linitiative.ca\/International\/wp-json\/wp\/v2\/media?parent=67257"}],"wp:term":[{"taxonomy":"category","embeddable":true,"href":"https:\/\/linitiative.ca\/International\/wp-json\/wp\/v2\/categories?post=67257"},{"taxonomy":"post_tag","embeddable":true,"href":"https:\/\/linitiative.ca\/International\/wp-json\/wp\/v2\/tags?post=67257"}],"curies":[{"name":"wp","href":"https:\/\/api.w.org\/{rel}","templated":true}]}}