{"id":67258,"date":"2019-11-12T11:11:00","date_gmt":"2019-11-12T16:11:00","guid":{"rendered":"https:\/\/linitiative.ca\/International\/salon-national-du-fromage-artisanal-valoriser-les-produits-du-terroir\/"},"modified":"2019-11-12T11:11:00","modified_gmt":"2019-11-12T16:11:00","slug":"salon-national-du-fromage-artisanal-valoriser-les-produits-du-terroir","status":"publish","type":"post","link":"https:\/\/linitiative.ca\/International\/salon-national-du-fromage-artisanal-valoriser-les-produits-du-terroir\/","title":{"rendered":"Salon national du fromage artisanal : Valoriser  les produits du terroir"},"content":{"rendered":"<p>\u00ab Les ing\u00e9nieurs, les cadres et experts de l&rsquo;institut technique des \u00e9levages (ITELV) pour rep\u00e9rer, identifier, classer et estimer le potentiel caprin, notamment les ch\u00e8vres laiti\u00e8res pour\u00a0 afin d&rsquo;accompagner les producteurs et \u00e9leveurs\u00a0 \u00e0 travers tout le territoire national \u00bb C&rsquo;est ce qu&rsquo;a affirm\u00e9 cet apr\u00e8s midi, le ministre de l&rsquo;Agriculture du D\u00e9veloppement Rural et de la P\u00eache, Ch\u00e9rif Omari lors de l&rsquo;inauguration du salon national du fromage artisanal qu&rsquo;organise l&rsquo;association nationale des produits du terroir, au niveau du si\u00e8ge de la chambre nationale de l&rsquo;agriculture aux Pins maritimes (Alger).<br \/>Le ministre a assur\u00e9 qu&rsquo;une instruction du minist\u00e8re a \u00e9t\u00e9 adress\u00e9e aux encadreurs et administrateurs charg\u00e9s de la fili\u00e8re laiti\u00e8re pour accompagner les producteurs et \u00e9leveurs de ch\u00e8vre \u00e0 lait, principale ressource pour la production des fromages, dans certaines zones et r\u00e9gions du pays\u00a0\u00bb.<br \/>Le ministre a eu \u00e0 appr\u00e9cier la qualit\u00e9 des produits expos\u00e9s, par des artisans ayant d\u00e9fi\u00e9 \u00ab les obstacles li\u00e9s aux contraintes administratives, l&rsquo;absence d&rsquo;aide financi\u00e8re, ou un r\u00e9el accompagnement des autorit\u00e9s locales \u00bb.<br \/>C&rsquo;est ce qui a \u00e9t\u00e9 soulev\u00e9 d&rsquo;ailleurs par les exposants, lors du passage du ministre dans les diff\u00e9rents stands. Tout en soulignant qu&rsquo;il fallait surmonter les obstacles qui s&rsquo;opposaient au d\u00e9veloppement de cette fili\u00e8re M. Omari a expliqu\u00e9 que \u00ab\u00a0la production artisanale joue un r\u00f4le important dans la consolidation de l&rsquo;\u00e9conomie rurale l&rsquo;autre pilier\u00a0 de la diversification des richesses de l&rsquo;\u00e9conomie nationale\u00a0\u00bb.<\/p>\n<p>Tahar.K<\/p>\n<p>Auteur: elmoudjahid<br \/>\n<a href=\"http:\/\/www.elmoudjahid.com\/fr\/actualites\/144407\">Cliquez ici pour lire l&rsquo;article depuis sa source.<\/a><\/p>\n","protected":false},"excerpt":{"rendered":"<p>\u00ab Les ing\u00e9nieurs, les cadres et experts de l&rsquo;institut technique des \u00e9levages (ITELV) pour rep\u00e9rer, identifier, classer et estimer le potentiel caprin, notamment les ch\u00e8vres laiti\u00e8res pour\u00a0 afin d&rsquo;accompagner les producteurs et \u00e9leveurs\u00a0 \u00e0 travers tout le territoire national \u00bb C&rsquo;est ce qu&rsquo;a affirm\u00e9 cet apr\u00e8s midi, le ministre de l&rsquo;Agriculture du D\u00e9veloppement Rural et [&hellip;]<\/p>\n","protected":false},"author":1744,"featured_media":0,"comment_status":"closed","ping_status":"closed","sticky":false,"template":"","format":"standard","meta":{"fifu_image_url":"","fifu_image_alt":"","footnotes":""},"categories":[73,53],"tags":[],"class_list":["post-67258","post","type-post","status-publish","format-standard","hentry","category-actualite","category-algerie"],"_links":{"self":[{"href":"https:\/\/linitiative.ca\/International\/wp-json\/wp\/v2\/posts\/67258","targetHints":{"allow":["GET"]}}],"collection":[{"href":"https:\/\/linitiative.ca\/International\/wp-json\/wp\/v2\/posts"}],"about":[{"href":"https:\/\/linitiative.ca\/International\/wp-json\/wp\/v2\/types\/post"}],"author":[{"embeddable":true,"href":"https:\/\/linitiative.ca\/International\/wp-json\/wp\/v2\/users\/1744"}],"replies":[{"embeddable":true,"href":"https:\/\/linitiative.ca\/International\/wp-json\/wp\/v2\/comments?post=67258"}],"version-history":[{"count":0,"href":"https:\/\/linitiative.ca\/International\/wp-json\/wp\/v2\/posts\/67258\/revisions"}],"wp:attachment":[{"href":"https:\/\/linitiative.ca\/International\/wp-json\/wp\/v2\/media?parent=67258"}],"wp:term":[{"taxonomy":"category","embeddable":true,"href":"https:\/\/linitiative.ca\/International\/wp-json\/wp\/v2\/categories?post=67258"},{"taxonomy":"post_tag","embeddable":true,"href":"https:\/\/linitiative.ca\/International\/wp-json\/wp\/v2\/tags?post=67258"}],"curies":[{"name":"wp","href":"https:\/\/api.w.org\/{rel}","templated":true}]}}