{"id":67263,"date":"2019-11-12T15:16:24","date_gmt":"2019-11-12T20:16:24","guid":{"rendered":"https:\/\/linitiative.ca\/International\/pros-le-papa-de-belkebla-est-un-homme-heureux\/"},"modified":"2019-11-12T15:16:24","modified_gmt":"2019-11-12T20:16:24","slug":"pros-le-papa-de-belkebla-est-un-homme-heureux","status":"publish","type":"post","link":"https:\/\/linitiative.ca\/International\/pros-le-papa-de-belkebla-est-un-homme-heureux\/","title":{"rendered":"Pros : Le papa de Belkebla est un homme heureux !"},"content":{"rendered":"<div readability=\"32\">\n<p>Auteur : <span>Moumen A.<\/span> <span class=\"time\">mardi 12 novembre 2019 14:53<\/span><\/p>\n<\/div>\n<div id=\"post_core\" readability=\"48\">\n<p>Tr\u00e8s affect\u00e9 par ce qui est arriv\u00e9 \u00e0 son fils avant la Coupe d\u2019Afrique des nations gagn\u00e9e par l\u2019Alg\u00e9rie en Egypte, Kamel Belkebla \u00e9tait hier heureux et fier d\u2019accompagner son fils Haris \u00e0 l\u2019a\u00e9roport de Paris pour prendre l\u2019avion en direction d\u2019Alger et rejoindre le groupe des Verts \u00e0 Sidi Moussa. Le joueur du Stade Brestois \u00e9tait aussi tr\u00e8s fier d\u2019avoir rendu le sourire \u00e0 ses parents et plus particuli\u00e8rement sa maman, touch\u00e9e par les marques de sympathie de la part des Alg\u00e9riens, juste \u00e0 l\u2019annonce de la convocation de son fils de nouveau en s\u00e9lection. Son papa Kamel \u00e9tait aussi heureux de voir son fils absous par le s\u00e9lectionneur national et tout un peuple, qui le soutient de mani\u00e8re ind\u00e9fectible. C\u2019est ce qu\u2019il nous a signifi\u00e9 hier lors d\u2019un bref \u00e9change avec lui.<\/p>\n<p><strong>Il a \u00e9t\u00e9 tr\u00e8s bien not\u00e9 face au PSG<\/strong><br \/>Auteur d\u2019une belle prestation contre le Paris Saint-Germain malgr\u00e9 une d\u00e9faite subie sur le score de deux buts \u00e0 un, l\u2019Alg\u00e9rien Haris Belkebla a sorti un match tr\u00e8s correct. Certains sites lui ont attribu\u00e9 de bonnes notes. L\u2019Alg\u00e9rien a eu droit \u00e0 un 7,5\/10 m\u00e9rit\u00e9 eu \u00e9gard \u00e0 son engagement et ses nombreux ballons gagn\u00e9s face aux milieux de terrain parisiens compos\u00e9s de joueurs avec beaucoup d\u2019exp\u00e9rience.<\/p>\n<p><strong>Publi\u00e9 dans :<\/strong> <span>Belkebla<\/span> <span>Djamel Belmadi .<\/span><\/p>\n<\/div>\n<p>Auteur:<br \/>\n<a href=\"http:\/\/www.lebuteur.com\/article\/detail?titre=le-papa-de-belkebla-est-un-homme-heureux&#038;id=92923&#038;utm_source=feedburner&#038;utm_medium=feed&#038;utm_campaign=Feed%3A+GalerieFArtciles+%28Les+derniers+articles++-+lebuteur.com%29\">Cliquez ici pour lire l&rsquo;article depuis sa source.<\/a><\/p>\n","protected":false},"excerpt":{"rendered":"<p>Auteur : Moumen A. mardi 12 novembre 2019 14:53 Tr\u00e8s affect\u00e9 par ce qui est arriv\u00e9 \u00e0 son fils avant la Coupe d\u2019Afrique des nations gagn\u00e9e par l\u2019Alg\u00e9rie en Egypte, Kamel Belkebla \u00e9tait hier heureux et fier d\u2019accompagner son fils Haris \u00e0 l\u2019a\u00e9roport de Paris pour prendre l\u2019avion en direction d\u2019Alger et rejoindre le groupe [&hellip;]<\/p>\n","protected":false},"author":1738,"featured_media":67264,"comment_status":"closed","ping_status":"closed","sticky":false,"template":"","format":"standard","meta":{"fifu_image_url":"","fifu_image_alt":"","footnotes":""},"categories":[53,75],"tags":[],"class_list":["post-67263","post","type-post","status-publish","format-standard","has-post-thumbnail","hentry","category-algerie","category-sport"],"_links":{"self":[{"href":"https:\/\/linitiative.ca\/International\/wp-json\/wp\/v2\/posts\/67263","targetHints":{"allow":["GET"]}}],"collection":[{"href":"https:\/\/linitiative.ca\/International\/wp-json\/wp\/v2\/posts"}],"about":[{"href":"https:\/\/linitiative.ca\/International\/wp-json\/wp\/v2\/types\/post"}],"author":[{"embeddable":true,"href":"https:\/\/linitiative.ca\/International\/wp-json\/wp\/v2\/users\/1738"}],"replies":[{"embeddable":true,"href":"https:\/\/linitiative.ca\/International\/wp-json\/wp\/v2\/comments?post=67263"}],"version-history":[{"count":0,"href":"https:\/\/linitiative.ca\/International\/wp-json\/wp\/v2\/posts\/67263\/revisions"}],"wp:featuredmedia":[{"embeddable":true,"href":"https:\/\/linitiative.ca\/International\/wp-json\/"}],"wp:attachment":[{"href":"https:\/\/linitiative.ca\/International\/wp-json\/wp\/v2\/media?parent=67263"}],"wp:term":[{"taxonomy":"category","embeddable":true,"href":"https:\/\/linitiative.ca\/International\/wp-json\/wp\/v2\/categories?post=67263"},{"taxonomy":"post_tag","embeddable":true,"href":"https:\/\/linitiative.ca\/International\/wp-json\/wp\/v2\/tags?post=67263"}],"curies":[{"name":"wp","href":"https:\/\/api.w.org\/{rel}","templated":true}]}}