{"id":67269,"date":"2019-11-12T15:16:28","date_gmt":"2019-11-12T20:16:28","guid":{"rendered":"https:\/\/linitiative.ca\/International\/afrique-egypte-salah-declare-forfait-pour-les-deux-matchs-de-qualif\/"},"modified":"2019-11-12T15:16:28","modified_gmt":"2019-11-12T20:16:28","slug":"afrique-egypte-salah-declare-forfait-pour-les-deux-matchs-de-qualif","status":"publish","type":"post","link":"https:\/\/linitiative.ca\/International\/afrique-egypte-salah-declare-forfait-pour-les-deux-matchs-de-qualif\/","title":{"rendered":"Afrique : Egypte : Salah d\u00e9clare forfait pour les deux matchs de qualif"},"content":{"rendered":"<div readability=\"32\">\n<p>Auteur : <span class=\"time\">mardi 12 novembre 2019 20:31<\/span><\/p>\n<\/div>\n<div id=\"post_core\" readability=\"43\">\n<p>Le staff m\u00e9dical de l&rsquo;\u00e9quipe nationale \u00e9gyptienne a d\u00e9cid\u00e9 que Mohamed Salah n&rsquo;\u00e9tait pas apte \u00e0 disputer les deux matches contre le Kenya et les Comores, comptant pour la campagne de qualifications pour la Coupe d&rsquo;Afrique des Nations.<\/p>\n<p>Salah est arriv\u00e9 ce lundi pour rejoindre ses co\u00e9quipiers. L&rsquo;attaquant de Liverpool a affich\u00e9 une grande volont\u00e9 de retrouver les joutes internationales, mais sa blessure \u00e0 la cheville, examin\u00e9e par le docteur \u00e9gyptien Mohamed Abu-El Ela, n\u00e9cessite un temps de repos\u00a0 comme l&rsquo;indique Goal.\u00a0 Cette absence sera forc\u00e9ment pr\u00e9judiciable pour les Pharaons.<\/p>\n<\/div>\n<p>Auteur:<br \/>\n<a href=\"http:\/\/www.lebuteur.com\/article\/detail?titre=egypte-salah-declare-forfait-pour-les-deux-matchs-de-qualif&#038;id=92926&#038;utm_source=feedburner&#038;utm_medium=feed&#038;utm_campaign=Feed%3A+GalerieFArtciles+%28Les+derniers+articles++-+lebuteur.com%29\">Cliquez ici pour lire l&rsquo;article depuis sa source.<\/a><\/p>\n","protected":false},"excerpt":{"rendered":"<p>Auteur : mardi 12 novembre 2019 20:31 Le staff m\u00e9dical de l&rsquo;\u00e9quipe nationale \u00e9gyptienne a d\u00e9cid\u00e9 que Mohamed Salah n&rsquo;\u00e9tait pas apte \u00e0 disputer les deux matches contre le Kenya et les Comores, comptant pour la campagne de qualifications pour la Coupe d&rsquo;Afrique des Nations. Salah est arriv\u00e9 ce lundi pour rejoindre ses co\u00e9quipiers. L&rsquo;attaquant [&hellip;]<\/p>\n","protected":false},"author":1738,"featured_media":67270,"comment_status":"closed","ping_status":"closed","sticky":false,"template":"","format":"standard","meta":{"fifu_image_url":"","fifu_image_alt":"","footnotes":""},"categories":[53,75],"tags":[],"class_list":["post-67269","post","type-post","status-publish","format-standard","has-post-thumbnail","hentry","category-algerie","category-sport"],"_links":{"self":[{"href":"https:\/\/linitiative.ca\/International\/wp-json\/wp\/v2\/posts\/67269","targetHints":{"allow":["GET"]}}],"collection":[{"href":"https:\/\/linitiative.ca\/International\/wp-json\/wp\/v2\/posts"}],"about":[{"href":"https:\/\/linitiative.ca\/International\/wp-json\/wp\/v2\/types\/post"}],"author":[{"embeddable":true,"href":"https:\/\/linitiative.ca\/International\/wp-json\/wp\/v2\/users\/1738"}],"replies":[{"embeddable":true,"href":"https:\/\/linitiative.ca\/International\/wp-json\/wp\/v2\/comments?post=67269"}],"version-history":[{"count":0,"href":"https:\/\/linitiative.ca\/International\/wp-json\/wp\/v2\/posts\/67269\/revisions"}],"wp:featuredmedia":[{"embeddable":true,"href":"https:\/\/linitiative.ca\/International\/wp-json\/"}],"wp:attachment":[{"href":"https:\/\/linitiative.ca\/International\/wp-json\/wp\/v2\/media?parent=67269"}],"wp:term":[{"taxonomy":"category","embeddable":true,"href":"https:\/\/linitiative.ca\/International\/wp-json\/wp\/v2\/categories?post=67269"},{"taxonomy":"post_tag","embeddable":true,"href":"https:\/\/linitiative.ca\/International\/wp-json\/wp\/v2\/tags?post=67269"}],"curies":[{"name":"wp","href":"https:\/\/api.w.org\/{rel}","templated":true}]}}