{"id":67272,"date":"2019-11-12T10:48:13","date_gmt":"2019-11-12T15:48:13","guid":{"rendered":"https:\/\/linitiative.ca\/International\/97370-course-meharis-25-concurrents-presents-au-rendez-vous-d-adrar\/"},"modified":"2019-11-12T10:48:13","modified_gmt":"2019-11-12T15:48:13","slug":"97370-course-meharis-25-concurrents-presents-au-rendez-vous-d-adrar","status":"publish","type":"post","link":"https:\/\/linitiative.ca\/International\/97370-course-meharis-25-concurrents-presents-au-rendez-vous-d-adrar\/","title":{"rendered":"Course m\u00e9haris: 25 concurrents pr\u00e9sents au rendez-vous d&rsquo;Adrar"},"content":{"rendered":"<div readability=\"38\">\n<p><strong>ADRAR &#8211; Vingt-cinq (25) concurrents, issus de quatre wilayas du Sud, prennent part \u00e0 la manifestation \u00ab\u00a0Course m\u00e9haris\u00a0\u00bb, qui a d\u00e9but\u00e9 mardi \u00e0 Adrar, sous l\u2019\u00e9gide de la F\u00e9d\u00e9ration \u00e9questre alg\u00e9rienne.<\/strong><\/p>\n<\/div>\n<div readability=\"71.2290502793\">\n<p>Initi\u00e9e en coordination avec la ligue \u00e9questre de la wilaya d\u2019Adrar et la direction locale de la Jeunesse et des sports, cet \u00e9v\u00e8nement, qui s\u2019\u00e9tale sur trois jours, vise \u00e0 promouvoir la pratique de ce sport en vue des comp\u00e9tions internationales, selon les organisateurs.<\/p>\n<p>Cette comp\u00e9tition\u00a0 a aussi pour objectif, de pr\u00e9server le patrimoine camelin, notamment la race alg\u00e9rienne adapt\u00e9e aux courses de m\u00e9haris qui se tiennent dans 16 wilayas du pays, a ajout\u00e9 le vice-pr\u00e9sident de la f\u00e9d\u00e9ration \u00e9questre alg\u00e9rienne, charg\u00e9 de l&rsquo;\u00e9quitation traditionnelle, Seghir Bahlouli.<\/p>\n<hr\/>\n<h3>Lire aussi:\u00a0<a href=\"http:\/\/www.aps.dz\/sport\/89701-ouargla-vers-la-creation-d-une-federation-regionale-des-sports-de-meharis\" target=\"_blank\" rel=\"noopener noreferrer\">Ouargla: vers la cr\u00e9ation d\u2019une F\u00e9d\u00e9ration r\u00e9gionale des sports de m\u00e9haris<\/a><\/h3>\n<hr\/>\n<p>La comp\u00e9tition a d\u00e9but\u00e9 par un rallye sur 10 kilom\u00e8tres, alors que la deuxi\u00e8me \u00e9tape se d\u00e9roulera mercredi sur un parcours de 18 km, consid\u00e9r\u00e9e comme \u00e9tant l\u2019\u00e9tape principale de la manifestation, compte tenu qu\u2019elle permet de s\u00e9lectionner les participants \u00e9ventuels \u00e0 des comp\u00e9titions internationales futures, a-t-on expliqu\u00e9.<\/p>\n<p>Les participants ont salu\u00e9 l\u2019initiative qui permet de valoriser les courses de m\u00e9haris, et de pr\u00e9server et promouvoir le patrimoine camelin, avant d\u2019appeler \u00e0 accorder davantage d\u2019int\u00e9r\u00eat et de soutien \u00e0 cette discipline sportive.<\/p>\n<p>En marge des courses, une s\u00e9ri\u00e9 d\u2019activit\u00e9s est organis\u00e9e, dont des expositions d\u2019outils et d\u2019\u00e9quipements en usage dans l\u2019\u00e9levage camelin, en plus de soir\u00e9es artistiques.<\/p>\n<p>Les \u00e9preuves se poursuivront avec une course en circuit ferm\u00e9 (courte distance), adapt\u00e9e, en termes d\u2019endurance, \u00e0 certaines montures.<\/p>\n<\/div>\n<p>Auteur:<br \/>\n<a href=\"http:\/\/www.aps.dz\/sport\/97370-course-meharis-25-concurrents-presents-au-rendez-vous-d-adrar?utm_source=feedburner&#038;utm_medium=feed&#038;utm_campaign=Feed%3A+aps-sport+%28APS+-+SPORT%29\">Cliquez ici pour lire l&rsquo;article depuis sa source.<\/a><\/p>\n","protected":false},"excerpt":{"rendered":"<p>ADRAR &#8211; Vingt-cinq (25) concurrents, issus de quatre wilayas du Sud, prennent part \u00e0 la manifestation \u00ab\u00a0Course m\u00e9haris\u00a0\u00bb, qui a d\u00e9but\u00e9 mardi \u00e0 Adrar, sous l\u2019\u00e9gide de la F\u00e9d\u00e9ration \u00e9questre alg\u00e9rienne. Initi\u00e9e en coordination avec la ligue \u00e9questre de la wilaya d\u2019Adrar et la direction locale de la Jeunesse et des sports, cet \u00e9v\u00e8nement, qui [&hellip;]<\/p>\n","protected":false},"author":1790,"featured_media":0,"comment_status":"closed","ping_status":"closed","sticky":false,"template":"","format":"standard","meta":{"fifu_image_url":"","fifu_image_alt":"","footnotes":""},"categories":[53,75],"tags":[],"class_list":["post-67272","post","type-post","status-publish","format-standard","hentry","category-algerie","category-sport"],"_links":{"self":[{"href":"https:\/\/linitiative.ca\/International\/wp-json\/wp\/v2\/posts\/67272","targetHints":{"allow":["GET"]}}],"collection":[{"href":"https:\/\/linitiative.ca\/International\/wp-json\/wp\/v2\/posts"}],"about":[{"href":"https:\/\/linitiative.ca\/International\/wp-json\/wp\/v2\/types\/post"}],"author":[{"embeddable":true,"href":"https:\/\/linitiative.ca\/International\/wp-json\/wp\/v2\/users\/1790"}],"replies":[{"embeddable":true,"href":"https:\/\/linitiative.ca\/International\/wp-json\/wp\/v2\/comments?post=67272"}],"version-history":[{"count":0,"href":"https:\/\/linitiative.ca\/International\/wp-json\/wp\/v2\/posts\/67272\/revisions"}],"wp:attachment":[{"href":"https:\/\/linitiative.ca\/International\/wp-json\/wp\/v2\/media?parent=67272"}],"wp:term":[{"taxonomy":"category","embeddable":true,"href":"https:\/\/linitiative.ca\/International\/wp-json\/wp\/v2\/categories?post=67272"},{"taxonomy":"post_tag","embeddable":true,"href":"https:\/\/linitiative.ca\/International\/wp-json\/wp\/v2\/tags?post=67272"}],"curies":[{"name":"wp","href":"https:\/\/api.w.org\/{rel}","templated":true}]}}