{"id":67276,"date":"2019-11-12T11:57:00","date_gmt":"2019-11-12T16:57:00","guid":{"rendered":"https:\/\/linitiative.ca\/International\/incendie-a-la-maternite-del-oued-le-prononce-du-jugement-renvoye-au-19-novembre\/"},"modified":"2019-11-12T11:57:00","modified_gmt":"2019-11-12T16:57:00","slug":"incendie-a-la-maternite-del-oued-le-prononce-du-jugement-renvoye-au-19-novembre","status":"publish","type":"post","link":"https:\/\/linitiative.ca\/International\/incendie-a-la-maternite-del-oued-le-prononce-du-jugement-renvoye-au-19-novembre\/","title":{"rendered":"INCENDIE A LA MATERNITE D&rsquo;EL-OUED  : Le prononc\u00e9 du  jugement renvoy\u00e9  au 19 novembre"},"content":{"rendered":"<p><br id=\"sep_para_1\" class=\"sep_para access\"\/><\/p>\n<div id=\"para_1\" class=\"para_33949450 resize\">\n<div class=\"texte access firstletter\">Le juge des d\u00e9lits du tribunal d&rsquo;El-Oued a renvoy\u00e9 au 19 novembre courant le prononc\u00e9 du jugement concernant l&rsquo;affaire des sept (7) personnes impliqu\u00e9es dans le d\u00e9c\u00e8s de huit (8) nourrissons dans un incendie \u00e0 la maternit\u00e9 de l&rsquo;\u00e9tablissement public sp\u00e9cialis\u00e9 M\u00e8re-Enfant \u00ab\u00a0Bachir Bennacer\u00a0\u00bb \u00e0 El-Oued, et ce lors du proc\u00e8s ouvert lundi, a-t-on appris de source judiciaire. Les auditions, dans le cadre de l&rsquo;instruction judiciaire, ont concern\u00e9 sept pr\u00e9venus, \u00e0 savoir : le directeur de l&rsquo;EHS-M\u00e8re-Enfant \u00a0\u00bbBachir Bennacer\u00a0\u00bb, la coordinatrice charg\u00e9e de la gestion de la maternit\u00e9 relevant de cet EHS, le directeur de la permanence, la charg\u00e9e du contr\u00f4le m\u00e9dical, du chef de service p\u00e9diatrie n\u00e9onatale, un charg\u00e9 de maintenance et une infirmi\u00e8re de nationalit\u00e9 cubaine de permanence dans la salle o\u00f9 a eu lieu l&rsquo;incendie.\u00a0\u00a0\u00a0 Le juge des d\u00e9lits a \u00e9galement entendu, dans le cadre du proc\u00e8s, quatorze (14) t\u00e9moins, en majorit\u00e9 du staff m\u00e9dical et param\u00e9dical exer\u00e7ant \u00e0 la maternit\u00e9 (4 infirmi\u00e8res de nationalit\u00e9 cubaine et 10 t\u00e9moins nationaux (7 femmes et 3 hommes), en l&rsquo;absence au proc\u00e8s de 5 autres t\u00e9moins.\u00a0\u00a0 Les plaidoiries de la d\u00e9fense, assur\u00e9e par 27 avocats, ont clam\u00e9 l&rsquo;innocence de leurs mandants, au motif d&rsquo;absence de preuves les condamnant.<\/div>\n<\/div>\n<p>Auteur: Nadine<br \/>\n<a href=\"https:\/\/www.reflexiondz.net\/INCENDIE-A-LA-MATERNITE-D-EL-OUED-Le-prononce-du-jugement-renvoye-au-19-novembre_a58771.html\">Cliquez ici pour lire l&rsquo;article depuis sa source.<\/a><\/p>\n","protected":false},"excerpt":{"rendered":"<p>Le juge des d\u00e9lits du tribunal d&rsquo;El-Oued a renvoy\u00e9 au 19 novembre courant le prononc\u00e9 du jugement concernant l&rsquo;affaire des sept (7) personnes impliqu\u00e9es dans le d\u00e9c\u00e8s de huit (8) nourrissons dans un incendie \u00e0 la maternit\u00e9 de l&rsquo;\u00e9tablissement public sp\u00e9cialis\u00e9 M\u00e8re-Enfant \u00ab\u00a0Bachir Bennacer\u00a0\u00bb \u00e0 El-Oued, et ce lors du proc\u00e8s ouvert lundi, a-t-on appris [&hellip;]<\/p>\n","protected":false},"author":1740,"featured_media":0,"comment_status":"closed","ping_status":"closed","sticky":false,"template":"","format":"standard","meta":{"fifu_image_url":"","fifu_image_alt":"","footnotes":""},"categories":[53,76],"tags":[],"class_list":["post-67276","post","type-post","status-publish","format-standard","hentry","category-algerie","category-regions"],"_links":{"self":[{"href":"https:\/\/linitiative.ca\/International\/wp-json\/wp\/v2\/posts\/67276","targetHints":{"allow":["GET"]}}],"collection":[{"href":"https:\/\/linitiative.ca\/International\/wp-json\/wp\/v2\/posts"}],"about":[{"href":"https:\/\/linitiative.ca\/International\/wp-json\/wp\/v2\/types\/post"}],"author":[{"embeddable":true,"href":"https:\/\/linitiative.ca\/International\/wp-json\/wp\/v2\/users\/1740"}],"replies":[{"embeddable":true,"href":"https:\/\/linitiative.ca\/International\/wp-json\/wp\/v2\/comments?post=67276"}],"version-history":[{"count":0,"href":"https:\/\/linitiative.ca\/International\/wp-json\/wp\/v2\/posts\/67276\/revisions"}],"wp:attachment":[{"href":"https:\/\/linitiative.ca\/International\/wp-json\/wp\/v2\/media?parent=67276"}],"wp:term":[{"taxonomy":"category","embeddable":true,"href":"https:\/\/linitiative.ca\/International\/wp-json\/wp\/v2\/categories?post=67276"},{"taxonomy":"post_tag","embeddable":true,"href":"https:\/\/linitiative.ca\/International\/wp-json\/wp\/v2\/tags?post=67276"}],"curies":[{"name":"wp","href":"https:\/\/api.w.org\/{rel}","templated":true}]}}