{"id":67277,"date":"2019-11-12T11:57:00","date_gmt":"2019-11-12T16:57:00","guid":{"rendered":"https:\/\/linitiative.ca\/International\/lespagne-suspend-la-delivrance-des-visas-schengen\/"},"modified":"2019-11-12T11:57:00","modified_gmt":"2019-11-12T16:57:00","slug":"lespagne-suspend-la-delivrance-des-visas-schengen","status":"publish","type":"post","link":"https:\/\/linitiative.ca\/International\/lespagne-suspend-la-delivrance-des-visas-schengen\/","title":{"rendered":"L\u2019Espagne suspend la d\u00e9livrance des visas Schengen"},"content":{"rendered":"<p><br id=\"sep_para_1\" class=\"sep_para access\"\/><\/p>\n<div id=\"para_1\" class=\"para_33949477 resize\">\n<div class=\"texte access firstletter\">Le Consulat d\u2019Espagne en Alg\u00e9rie risque de ne plus d\u00e9livrer de visas Schengen pour les Alg\u00e9riens, a rapport\u00e9, hier, le site Observ&rsquo;Alg\u00e9rie d&rsquo;une source consid\u00e9r\u00e9e comme bien inform\u00e9e. Selon la source, les futurs visas permettraient uniquement de se rendre au Royaume d\u2019Espagne. Elle ajoute que des mesures et des\u00a0 politiques ont, nouvellement, \u00e9t\u00e9 mis en place pour limiter le flux migratoire alg\u00e9rien, mais cela n\u2019emp\u00eache pas les Alg\u00e9riens de d\u00e9crocher leur passe pour l\u2019Europe. Consid\u00e9r\u00e9 comme de \u00ab potentiels migrants clandestins \u00bb, les Alg\u00e9riens sont de plus en plus point\u00e9s du doigt par les \u00e9tats membres de l\u2019Union Europ\u00e9enne. En revanche, Si la France a su se montrer stricte, l\u2019Espagne, et malgr\u00e9 des restrictions, d\u00e9livre toujours des visas d\u2019entr\u00e9es pour l\u2019espace Schengen. D\u2019ailleurs, les rendez-vous de d\u00e9p\u00f4t de dossiers sont quasiment indisponibles pour les deux villes Alger et Oran. C\u2019est pour dire \u00e0 quel point le Royaume d\u2019Espagne est \u00ab cl\u00e9ment \u00bb compar\u00e9 \u00e0 la France. C\u2019est une nouvelle qui risquerait de faire beaucoup de bruit, si les autorit\u00e9s espagnoles l\u2019adoptent. Ainsi, et d\u2019apr\u00e8s une source proche de l\u2019administration consulaire d\u2019Espagne en Alg\u00e9rie, le Royaume d\u2019Espagne envisagerait de ne plus d\u00e9livrer de visas Schengen. Cependant, \u00ab ce pays europ\u00e9en ne veut pas sanctionner les Alg\u00e9riens \u00bb nous affirme notre source. Cela dit, \u00ab la visite doit se limiter au territoire espagnol \u00bb. Les futurs visas d\u2019Espagne permettraient, entre autres, de visiter l\u2019Espagne au sud de l\u2019Europe, ses archipels et ses \u00eeles (des \u00celes Canaries, et celui des \u00celes Bal\u00e9ares, \u00celes Zaffarines\u2026). Notre source nous annonce, par ailleurs, que \u00ab la proc\u00e9dure d\u2019obtention de visas ne sera pas durcie \u00bb. Cette initiative ne viendrait pas du gouvernement de Pedro S\u00e1nchez, mais plut\u00f4t du parlement Europ\u00e9en. En effet, l\u2019Espagne a toujours fait pression sur l\u2019Union europ\u00e9enne pour accro\u00eetre son soutien financier au Maroc dans le cadre de la lutte contre l\u2019immigration clandestine. En contrepartie, cette derni\u00e8re\u00a0 aurait propos\u00e9 de nouvelles mesures pour la d\u00e9livrance de visas, pas seulement aux Marocains, mais pour tous les pays du Maghreb.\u00a0 L\u2019Espagne est libre de d\u00e9livrer des visas, \u00e0 condition, que cela se limite \u00e0 son territoire, ainsi elle serait la seule b\u00e9n\u00e9ficiaire des frais de tourisme. Enfin, ces nouvelles mesures\u00a0 risqueraient de s\u2019\u00e9tendre \u00e9galement vers l\u2019Italie. La nouvelle, selon laquelle ce pays Europ\u00e9en facilitera l\u2019octroi de visas aux Alg\u00e9riens, pourrait \u00eatre une fausse bonne nouvelle. L\u2019Italie a des conflits avec l\u2019Union Europ\u00e9enne \u00e0 cause de l\u2019immigration clandestine, et cette restriction pourrait arranger les deux parties europ\u00e9ennes, a-t-on \u00e9galement appris.<\/div>\n<\/div>\n<p>Auteur: R\u00e9flexion<br \/>\n<a href=\"https:\/\/www.reflexiondz.net\/L-Espagne-suspend-la-delivrance-des-visas-Schengen_a58773.html\">Cliquez ici pour lire l&rsquo;article depuis sa source.<\/a><\/p>\n","protected":false},"excerpt":{"rendered":"<p>Le Consulat d\u2019Espagne en Alg\u00e9rie risque de ne plus d\u00e9livrer de visas Schengen pour les Alg\u00e9riens, a rapport\u00e9, hier, le site Observ&rsquo;Alg\u00e9rie d&rsquo;une source consid\u00e9r\u00e9e comme bien inform\u00e9e. Selon la source, les futurs visas permettraient uniquement de se rendre au Royaume d\u2019Espagne. Elle ajoute que des mesures et des\u00a0 politiques ont, nouvellement, \u00e9t\u00e9 mis en [&hellip;]<\/p>\n","protected":false},"author":1740,"featured_media":0,"comment_status":"closed","ping_status":"closed","sticky":false,"template":"","format":"standard","meta":{"fifu_image_url":"","fifu_image_alt":"","footnotes":""},"categories":[53,76],"tags":[],"class_list":["post-67277","post","type-post","status-publish","format-standard","hentry","category-algerie","category-regions"],"_links":{"self":[{"href":"https:\/\/linitiative.ca\/International\/wp-json\/wp\/v2\/posts\/67277","targetHints":{"allow":["GET"]}}],"collection":[{"href":"https:\/\/linitiative.ca\/International\/wp-json\/wp\/v2\/posts"}],"about":[{"href":"https:\/\/linitiative.ca\/International\/wp-json\/wp\/v2\/types\/post"}],"author":[{"embeddable":true,"href":"https:\/\/linitiative.ca\/International\/wp-json\/wp\/v2\/users\/1740"}],"replies":[{"embeddable":true,"href":"https:\/\/linitiative.ca\/International\/wp-json\/wp\/v2\/comments?post=67277"}],"version-history":[{"count":0,"href":"https:\/\/linitiative.ca\/International\/wp-json\/wp\/v2\/posts\/67277\/revisions"}],"wp:attachment":[{"href":"https:\/\/linitiative.ca\/International\/wp-json\/wp\/v2\/media?parent=67277"}],"wp:term":[{"taxonomy":"category","embeddable":true,"href":"https:\/\/linitiative.ca\/International\/wp-json\/wp\/v2\/categories?post=67277"},{"taxonomy":"post_tag","embeddable":true,"href":"https:\/\/linitiative.ca\/International\/wp-json\/wp\/v2\/tags?post=67277"}],"curies":[{"name":"wp","href":"https:\/\/api.w.org\/{rel}","templated":true}]}}