{"id":67279,"date":"2019-11-12T11:57:00","date_gmt":"2019-11-12T16:57:00","guid":{"rendered":"https:\/\/linitiative.ca\/International\/sale-debat-politique\/"},"modified":"2019-11-12T11:57:00","modified_gmt":"2019-11-12T16:57:00","slug":"sale-debat-politique","status":"publish","type":"post","link":"https:\/\/linitiative.ca\/International\/sale-debat-politique\/","title":{"rendered":"Sale d\u00e9bat politique ..!"},"content":{"rendered":"<p><br id=\"sep_para_1\" class=\"sep_para access\"\/><\/p>\n<div id=\"para_1\" class=\"para_33949499 resize\">\n<div class=\"photo shadow left\"><a href=\"javascript:void(0)\" rel=\"https:\/\/www.reflexiondz.net\/photo\/art\/grande\/39434841-33949499.jpg?v=1573579091&#038;ibox\" title=\"Sale d\u00e9bat politique ..!\"><img decoding=\"async\" class=\"responsive c9\" src=\"https:\/\/www.reflexiondz.net\/photo\/art\/grande\/39434841-33949499.jpg?v=1573579091\" alt=\"Sale d\u00e9bat politique ..!\" title=\"Sale d\u00e9bat politique ..!\"\/><img decoding=\"async\" class=\"not-responsive\" src=\"https:\/\/www.reflexiondz.net\/photo\/art\/default\/39434841-33949499.jpg?v=1573579092\" alt=\"Sale d\u00e9bat politique ..!\" title=\"Sale d\u00e9bat politique ..!\"\/><\/a><\/div>\n<div class=\"texte access firstletter\">En toute chose, la patience a ses limites, trop souvent, outrag\u00e9e, se change en fureur et finit par exploser et d\u00e9plorer \u00e0 voix criante toutes ces d\u00e9rives pleinement assum\u00e9es tous ces d\u00e9bats politiques que tiennent les soi-disant politico-analystes et experts en la mati\u00e8re.<br \/>Aucune diff\u00e9rence entre ces derniers et ces jeunes Facebookers sans maturit\u00e9, qui lynchent \u00e0 longueur du jour toute personne qui ne partage pas leurs opinions ou pr\u00e9f\u00e8re rester loin de leur camp !<br \/>\u00a0Par vengeance, par jalousie ou pour jouer les h\u00e9ros, des noms de moudjahidine, des intellectuels, des politiques et m\u00eame des ministres et des responsables sont pris \u00e0 partie, critiqu\u00e9s et d\u00e9nigr\u00e9s sur ces comiques plateaux de t\u00e9l\u00e9vision ou sur l\u2019espace bleu o\u00f9 beaucoup se manifestent sous des pseudonymes.<br \/>Chacun des deux cat\u00e9gories, jeunes virtuels derri\u00e8re leurs pages bleues, qui fabriquent le mensonge, lan\u00e7ant les insultes et les calomnies, ou d\u2019autres adultes, soi-disant politiciens, analystes ou syndicalistes, se font une joie sur le plateau de t\u00e9l\u00e9vision pour mitrailler leurs opposants et s\u2019attaquer aux honn\u00eates gens sans apporter la preuve de ce qu\u2019ils avancent.<br \/>Si la diff\u00e9rence entre les deux cat\u00e9gories, en est l\u2019\u00e2ge et le degr\u00e9 d\u2019intellectualit\u00e9, le commun qui les assemble, est le manque d\u2019\u00e9ducation, si ce n\u2019est l\u2019\u00e2nerie ! \u00a0<br \/>Depuis plusieurs mois du Hirak, cens\u00e9 forger les liens entre les Alg\u00e9riens et d\u00e9fendre la d\u00e9mocratie, pour donner naissance \u00e0 une Alg\u00e9rie nouvelle o\u00f9 les citoyens vivent dans la fraternit\u00e9, l\u2019\u00e9galit\u00e9 et surtout la solidarit\u00e9, malheureusement, les valeurs de cette r\u00e9volution sainte ont \u00e9t\u00e9 d\u00e9tourn\u00e9es de leur sens, plut\u00f4t, prises en otage par des d\u00e9linquants et des politiciens sous l\u2019emprise de la vengeance.<br \/>Aujourd\u2019hui, alors que le pays respire le vent de la libert\u00e9, cette libert\u00e9 s\u00e9questr\u00e9e par l\u2019ancien syst\u00e8me durant des d\u00e9cennies, la \u2018\u2019Issaba\u2019\u2019 en sursis, r\u00e9siste encore au vent du 22 f\u00e9vrier et tente de lutter pour sa survie, en tirant sur tout ce qui bouge ! Sur les plateaux de t\u00e9l\u00e9vision, sur les murs des r\u00e9seaux sociaux, ou sur les colonnes des journaux, nul ne se soucie de la diffamation ou du code d\u2019honneur. Lyncher son adversaire, ou celui qui ne partage pas ses id\u00e9es, un point c\u2019est tout ! Rien ne va plus, et la patience parfois d\u00e9g\u00e9n\u00e8re face \u00e0 ce triste constat sur les abus de la violence verbale qui nuisent \u00e0 notre libert\u00e9 d\u2019expression et d\u00e9stabilise notre unit\u00e9.<\/div>\n<\/div>\n<p>Auteur: B. Belkacem<br \/>\n<a href=\"https:\/\/www.reflexiondz.net\/Sale-debat-politique-_a58776.html\">Cliquez ici pour lire l&rsquo;article depuis sa source.<\/a><\/p>\n","protected":false},"excerpt":{"rendered":"<p>En toute chose, la patience a ses limites, trop souvent, outrag\u00e9e, se change en fureur et finit par exploser et d\u00e9plorer \u00e0 voix criante toutes ces d\u00e9rives pleinement assum\u00e9es tous ces d\u00e9bats politiques que tiennent les soi-disant politico-analystes et experts en la mati\u00e8re.Aucune diff\u00e9rence entre ces derniers et ces jeunes Facebookers sans maturit\u00e9, qui lynchent [&hellip;]<\/p>\n","protected":false},"author":1740,"featured_media":0,"comment_status":"closed","ping_status":"closed","sticky":false,"template":"","format":"standard","meta":{"fifu_image_url":"","fifu_image_alt":"","footnotes":""},"categories":[53,76],"tags":[],"class_list":["post-67279","post","type-post","status-publish","format-standard","hentry","category-algerie","category-regions"],"_links":{"self":[{"href":"https:\/\/linitiative.ca\/International\/wp-json\/wp\/v2\/posts\/67279","targetHints":{"allow":["GET"]}}],"collection":[{"href":"https:\/\/linitiative.ca\/International\/wp-json\/wp\/v2\/posts"}],"about":[{"href":"https:\/\/linitiative.ca\/International\/wp-json\/wp\/v2\/types\/post"}],"author":[{"embeddable":true,"href":"https:\/\/linitiative.ca\/International\/wp-json\/wp\/v2\/users\/1740"}],"replies":[{"embeddable":true,"href":"https:\/\/linitiative.ca\/International\/wp-json\/wp\/v2\/comments?post=67279"}],"version-history":[{"count":0,"href":"https:\/\/linitiative.ca\/International\/wp-json\/wp\/v2\/posts\/67279\/revisions"}],"wp:attachment":[{"href":"https:\/\/linitiative.ca\/International\/wp-json\/wp\/v2\/media?parent=67279"}],"wp:term":[{"taxonomy":"category","embeddable":true,"href":"https:\/\/linitiative.ca\/International\/wp-json\/wp\/v2\/categories?post=67279"},{"taxonomy":"post_tag","embeddable":true,"href":"https:\/\/linitiative.ca\/International\/wp-json\/wp\/v2\/tags?post=67279"}],"curies":[{"name":"wp","href":"https:\/\/api.w.org\/{rel}","templated":true}]}}