{"id":67280,"date":"2019-11-12T11:57:00","date_gmt":"2019-11-12T16:57:00","guid":{"rendered":"https:\/\/linitiative.ca\/International\/lex-depute-specifique-risque-6-mois-de-prison-ferme\/"},"modified":"2019-11-12T11:57:00","modified_gmt":"2019-11-12T16:57:00","slug":"lex-depute-specifique-risque-6-mois-de-prison-ferme","status":"publish","type":"post","link":"https:\/\/linitiative.ca\/International\/lex-depute-specifique-risque-6-mois-de-prison-ferme\/","title":{"rendered":"L\u2019ex-d\u00e9put\u00e9 \u2018\u2019sp\u00e9cifique\u2019\u2019 risque 6 mois de prison ferme"},"content":{"rendered":"<p><br id=\"sep_para_1\" class=\"sep_para access\"\/><\/p>\n<div id=\"para_1\" class=\"para_33949486 resize\">\n<div class=\"photo shadow left\"><a href=\"javascript:void(0)\" rel=\"https:\/\/www.reflexiondz.net\/photo\/art\/grande\/39434836-33949486.jpg?v=1573585870&#038;ibox\" title=\"L\u2019ex-d\u00e9put\u00e9 \u2018\u2019sp\u00e9cifique\u2019\u2019 risque 6 mois de prison ferme\"><img decoding=\"async\" class=\"responsive c9\" src=\"https:\/\/www.reflexiondz.net\/photo\/art\/grande\/39434836-33949486.jpg?v=1573585870\" alt=\"L\u2019ex-d\u00e9put\u00e9 \u2018\u2019sp\u00e9cifique\u2019\u2019 risque 6 mois de prison ferme\" title=\"L\u2019ex-d\u00e9put\u00e9 \u2018\u2019sp\u00e9cifique\u2019\u2019 risque 6 mois de prison ferme\"\/><img decoding=\"async\" class=\"not-responsive\" src=\"https:\/\/www.reflexiondz.net\/photo\/art\/default\/39434836-33949486.jpg?v=1573585870\" alt=\"L\u2019ex-d\u00e9put\u00e9 \u2018\u2019sp\u00e9cifique\u2019\u2019 risque 6 mois de prison ferme\" title=\"L\u2019ex-d\u00e9put\u00e9 \u2018\u2019sp\u00e9cifique\u2019\u2019 risque 6 mois de prison ferme\"\/><\/a><\/div>\n<div class=\"texte access firstletter\">Le fantasque ex d\u00e9put\u00e9 ind\u00e9pendant Tahar Missoum plus connu sous le sobriquet de \u00absp\u00e9cifique\u00bb, risque de se retrouver prochainement en prison.\u00a0 En effet, le procureur pr\u00e9s le tribunal de Bir Mourad Rais a requis\u00a0 lundi une peine de six mois de prison ferme suite \u00e0 la plainte en diffamation d\u00e9pos\u00e9e contre lui par Abdallah Djaballah.\u00a0 Ce sulfureux d\u00e9put\u00e9 qui porte bien son surnom (sp\u00e9cifique) avait accus\u00e9 dans un m\u00e9dia le chef du mouvement Adala, de d\u00e9tenir le monopole de l\u2019importation du verre.\u00a0 Mais alors que le procureur a requis une peine de six mois de prison, les avocats de la d\u00e9fense de Djaballah ont demand\u00e9 juste une r\u00e9paration. Le verdict sera prononc\u00e9 le 18 de ce mois en cours.<\/div>\n<\/div>\n<p>Auteur: R\u00e9flexion<br \/>\n<a href=\"https:\/\/www.reflexiondz.net\/L-ex-depute-specifique-risque-6-mois-de-prison-ferme_a58775.html\">Cliquez ici pour lire l&rsquo;article depuis sa source.<\/a><\/p>\n","protected":false},"excerpt":{"rendered":"<p>Le fantasque ex d\u00e9put\u00e9 ind\u00e9pendant Tahar Missoum plus connu sous le sobriquet de \u00absp\u00e9cifique\u00bb, risque de se retrouver prochainement en prison.\u00a0 En effet, le procureur pr\u00e9s le tribunal de Bir Mourad Rais a requis\u00a0 lundi une peine de six mois de prison ferme suite \u00e0 la plainte en diffamation d\u00e9pos\u00e9e contre lui par Abdallah Djaballah.\u00a0 [&hellip;]<\/p>\n","protected":false},"author":1740,"featured_media":0,"comment_status":"closed","ping_status":"closed","sticky":false,"template":"","format":"standard","meta":{"fifu_image_url":"","fifu_image_alt":"","footnotes":""},"categories":[53,76],"tags":[],"class_list":["post-67280","post","type-post","status-publish","format-standard","hentry","category-algerie","category-regions"],"_links":{"self":[{"href":"https:\/\/linitiative.ca\/International\/wp-json\/wp\/v2\/posts\/67280","targetHints":{"allow":["GET"]}}],"collection":[{"href":"https:\/\/linitiative.ca\/International\/wp-json\/wp\/v2\/posts"}],"about":[{"href":"https:\/\/linitiative.ca\/International\/wp-json\/wp\/v2\/types\/post"}],"author":[{"embeddable":true,"href":"https:\/\/linitiative.ca\/International\/wp-json\/wp\/v2\/users\/1740"}],"replies":[{"embeddable":true,"href":"https:\/\/linitiative.ca\/International\/wp-json\/wp\/v2\/comments?post=67280"}],"version-history":[{"count":0,"href":"https:\/\/linitiative.ca\/International\/wp-json\/wp\/v2\/posts\/67280\/revisions"}],"wp:attachment":[{"href":"https:\/\/linitiative.ca\/International\/wp-json\/wp\/v2\/media?parent=67280"}],"wp:term":[{"taxonomy":"category","embeddable":true,"href":"https:\/\/linitiative.ca\/International\/wp-json\/wp\/v2\/categories?post=67280"},{"taxonomy":"post_tag","embeddable":true,"href":"https:\/\/linitiative.ca\/International\/wp-json\/wp\/v2\/tags?post=67280"}],"curies":[{"name":"wp","href":"https:\/\/api.w.org\/{rel}","templated":true}]}}