{"id":67286,"date":"2019-11-12T10:55:00","date_gmt":"2019-11-12T15:55:00","guid":{"rendered":"https:\/\/linitiative.ca\/International\/34eme-edition-des-journees-de-lentreprise-de-liace-en-ligne-de-mire-lentreprise-et-le-nouveau-role-de-letat\/"},"modified":"2019-11-12T10:55:00","modified_gmt":"2019-11-12T15:55:00","slug":"34eme-edition-des-journees-de-lentreprise-de-liace-en-ligne-de-mire-lentreprise-et-le-nouveau-role-de-letat","status":"publish","type":"post","link":"https:\/\/linitiative.ca\/International\/34eme-edition-des-journees-de-lentreprise-de-liace-en-ligne-de-mire-lentreprise-et-le-nouveau-role-de-letat\/","title":{"rendered":"34\u00e8me \u00e9dition des journ\u00e9es de l\u2019entreprise de l\u2019IACE : en ligne de mire, \u00abl&rsquo;entreprise et le nouveau r\u00f4le de l&rsquo;Etat\u00bb"},"content":{"rendered":"<p><a href=\"https:\/\/jes2019.tn\/\" target=\"_blank\" rel=\"noopener noreferrer\">Les Journ\u00e9es<\/a> de l\u2019Entreprise, organis\u00e9es par l\u2019Institut Arabe des Chefs d\u2019Entreprise (IACE) se d\u00e9roulent les 6 et le 7 D\u00e9cembre 2019. Cet \u00e9v\u00e8nement porte sur \u00ab l\u2019Entreprise et le nouveau r\u00f4le de l\u2019\u00c9tat \u00bb.<br \/>A la veille de la formation du nouveau gouvernement, l\u2019Institut, conscient de l\u2019importance des questions politico-\u00e9conomiques, continue de s\u2019inscrire dans son objectif de participation \u00e0 l\u2019am\u00e9lioration de l\u2019environnement des affaires, en pla\u00e7ant l\u2019entreprise comme pr\u00e9occupation et vecteur de croissance social et \u00e9conomique important.<\/p>\n<p>L\u2019\u00e9dition de cette ann\u00e9e vient consolider le r\u00f4le de ce think-tank \u00e9conomique qu\u2019est d\u2019\u00e9changer et de stimuler la r\u00e9flexion sur des sujets d\u2019int\u00e9r\u00eats collectifs. On s\u2019attend \u00e0 travers cette \u00e9dition \u00e0 l\u2019\u00e9laboration de pistes d\u2019am\u00e9lioration concr\u00e8tes \u00e9tant donn\u00e9 les d\u00e9fis \u00e0 relever,pr\u00e9alablement pens\u00e9s par l\u2019IACE.<\/p>\n<p>Les th\u00e9matiques qui traitent du r\u00f4le de l\u2019\u00c9tat par rapport \u00e0 l\u2019entreprise durant cette 34\u00e8me Edition sont r\u00e9parties en quatre principaux panels, qui viennent s\u2019ajouter \u00e0 un panel d\u2019ouverture avec desinvit\u00e9s de marque qui seront de la partie, \u00e0 l\u2019instar du pr\u00e9sident Kais SAIED.<br \/>Plusieurs autres personnalit\u00e9s de renomm\u00e9e internationale viendront enrichir la discussion, on en citera dans une liste non exhaustive :<\/p>\n<ul>\n<li><span class=\"c2\"><strong>Mme. Beverley SCH\u00c4FER,<\/strong><\/span> <em>Vice-Pr\u00e9sidente du Parlement et Ancienne ministre des Opportunit\u00e9s Economiques, Cap-Occidental, Afrique du Sud.<\/em><\/li>\n<li><span class=\"c2\"><strong>M. Abdullah G\u00dcL,<\/strong><\/span> <em>Ancien Pr\u00e9sident, Turquie.<\/em><\/li>\n<li><span class=\"c2\"><strong>M. Jean Pierre RAFFARIN<\/strong><\/span>, <em>Ancien Premier Ministre, France.<\/em><\/li>\n<li><span class=\"c2\"><strong>M. Ferid BELHAJ,<\/strong><\/span> <em>Vice-Pr\u00e9sident, la R\u00e9gion Moyen-Orient et Afrique du Nord, Banque Mondiale.<\/em><\/li>\n<li><span class=\"c2\"><strong>M. Willem Clappaert<\/strong><\/span> <em>le Leader des Solutions Industrielles pour le Gouvernement, IBM.<\/em><\/li>\n<\/ul>\n<p>Le ton sera donn\u00e9 par M. Taieb BAYAHI, Pr\u00e9sident de l\u2019IACE \u00e0 travers son discours d\u2019accueil qui c\u00e8dera la place aux diff\u00e9rents panels.<\/p>\n<p>Les th\u00e9matiques proposent une analyse concr\u00e8te des difficult\u00e9s sur le plan politique, \u00e9conomique, social\u2026<\/p>\n<p>Ensuite, l\u2019IACE se portera comme une force de proposition pour l\u2019\u00e9laboration de solutions ad\u00e9quates et bien \u00e9tudi\u00e9es.<br \/>L\u2019approche pluridisciplinaire du Think-Tank permet aux entrepreneurs de mieux connaitre les enjeux et les d\u00e9fis. Ceci leur permettra de cerner la conjoncture actuelle afin de mieux se pencher sur les solutions propos\u00e9es.<\/p>\n<p>Entrepreneurs et startupeurs sauront trouver des r\u00e9ponses \u00e0 leurs questionnements \u00e0 travers les recommandations et propositions qui seront pr\u00e9sent\u00e9es.<br \/>Toute entreprise qui s\u2019inscrit dans l\u2019actualit\u00e9 socio-\u00e9conomique pourra cerner la conjoncture, les faits et les th\u00e8mes br\u00fblants. Ceci lui permettrade perdurer \u00e0 travers des solutions saines et durables, d\u2019o\u00f9 les Journ\u00e9es de l\u2019entreprise.<\/p>\n<p>Pour plus d\u2019information sur les Journ\u00e9es de l\u2019Entreprise 2019 <a href=\"https:\/\/jes2019.tn\/\" target=\"_blank\" rel=\"noopener noreferrer\">https:\/\/jes2019.tn\/<\/a><\/p>\n<p><a href=\"\/uploads\/FCK_files\/Prgm%20Francais%20JES%202019.pdf\" target=\"_blank\" rel=\"noopener noreferrer\">T\u00e9l\u00e9charger programme<\/a><\/p>\n<p>Auteur:<br \/>\n<a href=\"https:\/\/www.leaders.com.tn\/article\/28399-34eme-edition-des-journees-de-l-entreprise-de-l-iace\">Cliquez ici pour lire l&rsquo;article depuis sa source.<\/a><\/p>\n","protected":false},"excerpt":{"rendered":"<p>Les Journ\u00e9es de l\u2019Entreprise, organis\u00e9es par l\u2019Institut Arabe des Chefs d\u2019Entreprise (IACE) se d\u00e9roulent les 6 et le 7 D\u00e9cembre 2019. Cet \u00e9v\u00e8nement porte sur \u00ab l\u2019Entreprise et le nouveau r\u00f4le de l\u2019\u00c9tat \u00bb.A la veille de la formation du nouveau gouvernement, l\u2019Institut, conscient de l\u2019importance des questions politico-\u00e9conomiques, continue de s\u2019inscrire dans son objectif [&hellip;]<\/p>\n","protected":false},"author":1772,"featured_media":0,"comment_status":"closed","ping_status":"closed","sticky":false,"template":"","format":"standard","meta":{"fifu_image_url":"","fifu_image_alt":"","footnotes":""},"categories":[73,55],"tags":[],"class_list":["post-67286","post","type-post","status-publish","format-standard","hentry","category-actualite","category-tunisie"],"_links":{"self":[{"href":"https:\/\/linitiative.ca\/International\/wp-json\/wp\/v2\/posts\/67286","targetHints":{"allow":["GET"]}}],"collection":[{"href":"https:\/\/linitiative.ca\/International\/wp-json\/wp\/v2\/posts"}],"about":[{"href":"https:\/\/linitiative.ca\/International\/wp-json\/wp\/v2\/types\/post"}],"author":[{"embeddable":true,"href":"https:\/\/linitiative.ca\/International\/wp-json\/wp\/v2\/users\/1772"}],"replies":[{"embeddable":true,"href":"https:\/\/linitiative.ca\/International\/wp-json\/wp\/v2\/comments?post=67286"}],"version-history":[{"count":0,"href":"https:\/\/linitiative.ca\/International\/wp-json\/wp\/v2\/posts\/67286\/revisions"}],"wp:attachment":[{"href":"https:\/\/linitiative.ca\/International\/wp-json\/wp\/v2\/media?parent=67286"}],"wp:term":[{"taxonomy":"category","embeddable":true,"href":"https:\/\/linitiative.ca\/International\/wp-json\/wp\/v2\/categories?post=67286"},{"taxonomy":"post_tag","embeddable":true,"href":"https:\/\/linitiative.ca\/International\/wp-json\/wp\/v2\/tags?post=67286"}],"curies":[{"name":"wp","href":"https:\/\/api.w.org\/{rel}","templated":true}]}}