{"id":67289,"date":"2019-11-12T11:23:00","date_gmt":"2019-11-12T16:23:00","guid":{"rendered":"https:\/\/linitiative.ca\/International\/le-chef-de-gouvernement-youssef-chahed-remet-des-messages-ecrits-du-president-kaies-saied-aux-chefs-detat-francais-et-italien\/"},"modified":"2019-11-12T11:23:00","modified_gmt":"2019-11-12T16:23:00","slug":"le-chef-de-gouvernement-youssef-chahed-remet-des-messages-ecrits-du-president-kaies-saied-aux-chefs-detat-francais-et-italien","status":"publish","type":"post","link":"https:\/\/linitiative.ca\/International\/le-chef-de-gouvernement-youssef-chahed-remet-des-messages-ecrits-du-president-kaies-saied-aux-chefs-detat-francais-et-italien\/","title":{"rendered":"Le chef de Gouvernement, Youssef Chahed remet des messages \u00e9crits du pr\u00e9sident Ka\u00efes Sa\u00efed aux chefs d&rsquo;Etat fran\u00e7ais et italien"},"content":{"rendered":"<p>Le chef du gouvernement Youssef Chahed a remis lundi au pr\u00e9sident Macron \u00e0 l&rsquo;Elys\u00e9e\u00a0 un message \u00e9crit du pr\u00e9sident de la r\u00e9publique Ka\u00efs Sa\u00efed. Il devait effectuer le m\u00eame jour une visite \u00e0 Rome porteur d\u2019un message \u00e9crit du pr\u00e9sident Ka\u00efs Sa\u00efed pour son homologue italien Sergio Mattarella sur la promotion des relations bilat\u00e9rales entre les deux pays.<\/p>\n<p class=\"MsoNormal\">Le chef du gouvernement a particip\u00e9 ce mardi au forum international de Paris sur la paix da la Villette o\u00f9 il interviendra au cours d&rsquo;un panel ayant pour th\u00e8me \u00abau-del\u00e0 du d\u00e9veloppement: les objectifs du d\u00e9veloppement pour tous y compris les plus d\u00e9munis\u00bb.<\/p>\n<p class=\"MsoNormal\">Ce forum <span class=\"c2\">\u00a0<\/span>qui en est \u00e0 sa deuxi\u00e8me \u00e9dition rassemble une trentaine de chefs d\u2019Etat et 250 intervenants de haut niveau, des experts, des grandes personnalit\u00e9s, des intellectuels, ainsi qu\u2019une vingtaine de responsables des plus grandes organisations internationales dont le Pr\u00e9sident de l\u2019Assembl\u00e9e g\u00e9n\u00e9rale des Nations unies Tijani Muhammad-Bande et la Secr\u00e9taire g\u00e9n\u00e9rale de l\u2019Organisation internationale de la francophonie (OIF) Louise Mushikiwabo.<\/p>\n<p>Auteur:<br \/>\n<a href=\"https:\/\/www.leaders.com.tn\/article\/28403-le-chef-de-gouvernement-youssef-chahed-remet-des-messages-ecrits-de-kaies-saied-aux-chefs-d-etat-francais-et-italien\">Cliquez ici pour lire l&rsquo;article depuis sa source.<\/a><\/p>\n","protected":false},"excerpt":{"rendered":"<p>Le chef du gouvernement Youssef Chahed a remis lundi au pr\u00e9sident Macron \u00e0 l&rsquo;Elys\u00e9e\u00a0 un message \u00e9crit du pr\u00e9sident de la r\u00e9publique Ka\u00efs Sa\u00efed. Il devait effectuer le m\u00eame jour une visite \u00e0 Rome porteur d\u2019un message \u00e9crit du pr\u00e9sident Ka\u00efs Sa\u00efed pour son homologue italien Sergio Mattarella sur la promotion des relations bilat\u00e9rales entre [&hellip;]<\/p>\n","protected":false},"author":1772,"featured_media":0,"comment_status":"closed","ping_status":"closed","sticky":false,"template":"","format":"standard","meta":{"fifu_image_url":"","fifu_image_alt":"","footnotes":""},"categories":[73,55],"tags":[],"class_list":["post-67289","post","type-post","status-publish","format-standard","hentry","category-actualite","category-tunisie"],"_links":{"self":[{"href":"https:\/\/linitiative.ca\/International\/wp-json\/wp\/v2\/posts\/67289","targetHints":{"allow":["GET"]}}],"collection":[{"href":"https:\/\/linitiative.ca\/International\/wp-json\/wp\/v2\/posts"}],"about":[{"href":"https:\/\/linitiative.ca\/International\/wp-json\/wp\/v2\/types\/post"}],"author":[{"embeddable":true,"href":"https:\/\/linitiative.ca\/International\/wp-json\/wp\/v2\/users\/1772"}],"replies":[{"embeddable":true,"href":"https:\/\/linitiative.ca\/International\/wp-json\/wp\/v2\/comments?post=67289"}],"version-history":[{"count":0,"href":"https:\/\/linitiative.ca\/International\/wp-json\/wp\/v2\/posts\/67289\/revisions"}],"wp:attachment":[{"href":"https:\/\/linitiative.ca\/International\/wp-json\/wp\/v2\/media?parent=67289"}],"wp:term":[{"taxonomy":"category","embeddable":true,"href":"https:\/\/linitiative.ca\/International\/wp-json\/wp\/v2\/categories?post=67289"},{"taxonomy":"post_tag","embeddable":true,"href":"https:\/\/linitiative.ca\/International\/wp-json\/wp\/v2\/tags?post=67289"}],"curies":[{"name":"wp","href":"https:\/\/api.w.org\/{rel}","templated":true}]}}