{"id":67290,"date":"2019-11-12T11:25:00","date_gmt":"2019-11-12T16:25:00","guid":{"rendered":"https:\/\/linitiative.ca\/International\/moncef-smaoui-lonas-lance-en-ppp-un-complexe-dassainissement-des-eaux-a-gabes-avec-entree-en-service-en-2025-video\/"},"modified":"2019-11-12T11:25:00","modified_gmt":"2019-11-12T16:25:00","slug":"moncef-smaoui-lonas-lance-en-ppp-un-complexe-dassainissement-des-eaux-a-gabes-avec-entree-en-service-en-2025-video","status":"publish","type":"post","link":"https:\/\/linitiative.ca\/International\/moncef-smaoui-lonas-lance-en-ppp-un-complexe-dassainissement-des-eaux-a-gabes-avec-entree-en-service-en-2025-video\/","title":{"rendered":"Moncef Smaoui : L\u2019ONAS lance en PPP un complexe d\u2019assainissement des eaux \u00e0 Gab\u00e8s avec entr\u00e9e en service en 2025 (Vid\u00e9o)"},"content":{"rendered":"<p><strong>Taoufik Habaieb,<\/strong> <strong><em>envoy\u00e9 sp\u00e9cial de<\/em> <span class=\"c2\">Leaders<\/span> <em>\u00e0 Johannesburg.<\/em><\/strong> \u00abLes \u00e9tudes de pr\u00e9faisabilit\u00e9 sont effectu\u00e9es, et nous nous appr\u00eatons \u00e0 lancer les \u00e9tudes de faisabilit\u00e9 d\u00e9but 2020, pour la r\u00e9alisation d\u2019un complexe de traitement des eaux dans la ville de Gab\u00e8s, avec une capacit\u00e9 de 36.340 m3\/j pour un co\u00fbt de pr\u00e8s de 90 millions de dinars.\u00bb C\u2019est ce qu\u2019a r\u00e9v\u00e9l\u00e9 Moncef Smaoui, repr\u00e9sentant de l&rsquo;Office National de l&rsquo;Assainissement (ONAS), \u00e0 l\u2019Africa Investment Forum qui se poursuit \u00e0 Johannesburg depuis le d\u00e9but de la semaine.<\/p>\n<p class=\"c3\"><iframe loading=\"lazy\" src=\"https:\/\/www.youtube.com\/embed\/MGbakPIiKjw\" allow=\"accelerometer; autoplay; encrypted-media; gyroscope; picture-in-picture\" allowfullscreen=\"\" width=\"560\" height=\"315\" frameborder=\"0\">[embedded content]<\/iframe><\/p>\n<p>La ville de Gab\u00e8s qui compte pr\u00e8s de 200.000 habitants est jusque-l\u00e0 desservie par une station r\u00e9alis\u00e9e en 1995, d\u2019une capacit\u00e9 de 17.800 m3\/, ce qui ne saurait r\u00e9pondre aux besoins \u00e0 un horizon tr\u00e8s proche, a expliqu\u00e9 Smaoui. Le nouveau complexe pr\u00e9voit deux stations nouvelles, l\u2019une au nord de la ville et le second au sud. L\u2019eau retrait\u00e9e servira \u00e0 diff\u00e9rentes utilisations notamment tant pour l\u2019agriculture que les besoins du Groupe chimique. Le d\u00e9veloppeur du projet en aura la concession pendant 20 ans. Le planning pr\u00e9voit l\u2019aboutissement de l\u2019\u00e9tude de faisabilit\u00e9 en 2020, le lancement de l\u2019appel d\u2019offres en 2021 et le d\u00e9marrage des travaux de construction en 2022 pour une entr\u00e9e en exploitation en 2025.<\/p>\n<p><strong>Lire aussi<\/strong><br \/><a href=\"https:\/\/www.leaders.com.tn\/article\/28402-aberraouf-nouicer-la-station-sonede-de-dessalement-de-l-eau-de-mer-de-ksour-essaf-sera-operationnelle-des-2025-video\" target=\"_blank\" rel=\"noopener noreferrer\">Aberraouf Nouicer : La station Sonede de dessalement de l\u2019eau de mer de Ksour Essaf sera op\u00e9rationnelle d\u00e8s 2025 (Vid\u00e9o)<\/a><br \/><a href=\"https:\/\/www.leaders.com.tn\/article\/28400-atef-majdoub-a-johannesburg-la-tunisie-offre-de-tres-bonnes-conditions-et-garanties-aux-developpeurs-video\" target=\"_blank\" rel=\"noopener noreferrer\">Atef Majdoub \u00e0 Johannesburg : Voici les bonnes conditions et les garanties que la Tunisie offre aux d\u00e9veloppeurs en PPP (Vid\u00e9o)<\/a><\/p>\n<p><a href=\"https:\/\/www.leaders.com.tn\/article\/28383-la-tunisie-a-l-africa-investment-forum-de-johannesburg-cherche-investisseurs-resolument\" target=\"_blank\" rel=\"noopener noreferrer\">La Tunisie \u00e0 l\u2019Africa Investment Forum de Johannesburg: Cherche investisseurs, r\u00e9solument! (Photos)<\/a><br \/><a href=\"https:\/\/www.leaders.com.tn\/article\/28386-la-bad-entend-souscrire-20-millions-d-euros-au-capital-du-fond-des-fonds-tunisien-startup-capital-photos-video\" target=\"_blank\" rel=\"noopener noreferrer\">La BAD entend souscrire 20 millions d\u2019euros au capital du fond des fonds tunisien Startup Capital (Photos \/ Vid\u00e9o)<\/a><\/p>\n<p>\u00a0<\/p>\n<p class=\"c4\">\u00a0<\/p>\n<p>Auteur:<br \/>\n<a href=\"https:\/\/www.leaders.com.tn\/article\/28401-moncef-smaoui-l-onas-lance-en-ppp-un-complexe-d-assainissement-des-eaux-a-gabes-avec-entree-en-service-en-2025-video\">Cliquez ici pour lire l&rsquo;article depuis sa source.<\/a><\/p>\n","protected":false},"excerpt":{"rendered":"<p>Taoufik Habaieb, envoy\u00e9 sp\u00e9cial de Leaders \u00e0 Johannesburg. \u00abLes \u00e9tudes de pr\u00e9faisabilit\u00e9 sont effectu\u00e9es, et nous nous appr\u00eatons \u00e0 lancer les \u00e9tudes de faisabilit\u00e9 d\u00e9but 2020, pour la r\u00e9alisation d\u2019un complexe de traitement des eaux dans la ville de Gab\u00e8s, avec une capacit\u00e9 de 36.340 m3\/j pour un co\u00fbt de pr\u00e8s de 90 millions de [&hellip;]<\/p>\n","protected":false},"author":1772,"featured_media":0,"comment_status":"closed","ping_status":"closed","sticky":false,"template":"","format":"standard","meta":{"fifu_image_url":"","fifu_image_alt":"","footnotes":""},"categories":[73,55],"tags":[],"class_list":["post-67290","post","type-post","status-publish","format-standard","hentry","category-actualite","category-tunisie"],"_links":{"self":[{"href":"https:\/\/linitiative.ca\/International\/wp-json\/wp\/v2\/posts\/67290","targetHints":{"allow":["GET"]}}],"collection":[{"href":"https:\/\/linitiative.ca\/International\/wp-json\/wp\/v2\/posts"}],"about":[{"href":"https:\/\/linitiative.ca\/International\/wp-json\/wp\/v2\/types\/post"}],"author":[{"embeddable":true,"href":"https:\/\/linitiative.ca\/International\/wp-json\/wp\/v2\/users\/1772"}],"replies":[{"embeddable":true,"href":"https:\/\/linitiative.ca\/International\/wp-json\/wp\/v2\/comments?post=67290"}],"version-history":[{"count":0,"href":"https:\/\/linitiative.ca\/International\/wp-json\/wp\/v2\/posts\/67290\/revisions"}],"wp:attachment":[{"href":"https:\/\/linitiative.ca\/International\/wp-json\/wp\/v2\/media?parent=67290"}],"wp:term":[{"taxonomy":"category","embeddable":true,"href":"https:\/\/linitiative.ca\/International\/wp-json\/wp\/v2\/categories?post=67290"},{"taxonomy":"post_tag","embeddable":true,"href":"https:\/\/linitiative.ca\/International\/wp-json\/wp\/v2\/tags?post=67290"}],"curies":[{"name":"wp","href":"https:\/\/api.w.org\/{rel}","templated":true}]}}