{"id":67295,"date":"2019-11-12T09:45:37","date_gmt":"2019-11-12T14:45:37","guid":{"rendered":"https:\/\/linitiative.ca\/International\/aksal-deux-nouveaux-morocco-mall\/"},"modified":"2019-11-12T09:45:37","modified_gmt":"2019-11-12T14:45:37","slug":"aksal-deux-nouveaux-morocco-mall","status":"publish","type":"post","link":"https:\/\/linitiative.ca\/International\/aksal-deux-nouveaux-morocco-mall\/","title":{"rendered":"Aksal : deux nouveaux Morocco Mall"},"content":{"rendered":"<p><strong>Le Groupe leader du retail, beaut\u00e9, luxe et malls en Afrique participe \u00e0 l\u2019\u00e9dition 2019 de l\u2019\u00e9v\u00e9nement international de l\u2019immobilier commercial, MAPIC. \u00a0<\/strong><\/p>\n<div class=\"c10\"\/>\n<p>Aksal profite de sa participation au salon MAPIC \u00e0 Cannes du 13 au 15 novembre 2019 pour d\u00e9voiler en exclusivit\u00e9 ses deux nouveaux projets de malls, expos\u00e9s sur un stand au design ultra-innovant. Le groupe pr\u00e9sentera ainsi aux 8.500 participants, dont 2.000 retailers et investisseurs venus des quatre coins du globe, les maquettes XXL du Morocco Mall Marrakech et du <strong>Morocco Mall Rabat<\/strong>. L\u2019ambition d\u2019Aksal via ces deux nouveaux projets est de cr\u00e9er de nouveaux lieux de Retailtainment.<\/p>\n<p>Le groupe donnera \u00e9galement, lors de ce salon, le coup d\u2019envoi de la commercialisation des espaces commerciaux des deux malls. <strong>Aksal<\/strong> pr\u00e9cise que 40% de ces derniers sont d\u2019ores et d\u00e9j\u00e0 r\u00e9serv\u00e9s par des enseignes de prestige. Enfin, le groupe pr\u00e9sentera lors du MAPIC sa marque beaut\u00e9 100% marocaine Yan&#038;One. Un stand exclusivement d\u00e9di\u00e9 d\u00e9voilera la nouvelle identit\u00e9 visuelle de la marque et le nouveau concept store de son futur r\u00e9seau.<\/p>\n<p>Lire aussi : <a href=\"https:\/\/www.challenge.ma\/casablanca-lancement-du-premier-flagship-store-de-lefties-109202\/\" target=\"_blank\" rel=\"noreferrer noopener\" aria-label=\" (s\u2019ouvre dans un nouvel onglet)\">Casablanca : Aksal lance le premier flagship store de Lefties<\/a><\/p>\n<p>Pour rappel, <strong>MAPIC<\/strong> est le salon international de r\u00e9f\u00e9rence d\u00e9di\u00e9 \u00e0 l\u2019immobilier commercial. Avec 2.000 repr\u00e9sentants d\u2019enseignes et 2.200 propri\u00e9taires de surfaces commerciales, il est la premi\u00e8re plateforme internationale de \u00ab leasing \u00bb.<\/p>\n<div class=\"c17\">\n<fieldset class=\"c16\">\n<legend><strong><span class=\"c11\">Challenge<\/span><span class=\"c12\">news<\/span><\/strong><\/legend>\n<div class=\"c15\">Le meilleur de Challenge s\u00e9lectionn\u00e9 par la r\u00e9daction :<\/p>\n<\/div>\n<\/fieldset>\n<\/div>\n<p>Auteur: challenge<br \/>\n<a href=\"https:\/\/www.challenge.ma\/aksal-deux-nouveaux-morocco-mall-123056\/\">Cliquez ici pour lire l&rsquo;article depuis sa source.<\/a><\/p>\n","protected":false},"excerpt":{"rendered":"<p>Le Groupe leader du retail, beaut\u00e9, luxe et malls en Afrique participe \u00e0 l\u2019\u00e9dition 2019 de l\u2019\u00e9v\u00e9nement international de l\u2019immobilier commercial, MAPIC. \u00a0 Aksal profite de sa participation au salon MAPIC \u00e0 Cannes du 13 au 15 novembre 2019 pour d\u00e9voiler en exclusivit\u00e9 ses deux nouveaux projets de malls, expos\u00e9s sur un stand au design [&hellip;]<\/p>\n","protected":false},"author":1787,"featured_media":0,"comment_status":"closed","ping_status":"closed","sticky":false,"template":"","format":"standard","meta":{"fifu_image_url":"","fifu_image_alt":"","footnotes":""},"categories":[78,54],"tags":[],"class_list":["post-67295","post","type-post","status-publish","format-standard","hentry","category-economie","category-maroc"],"_links":{"self":[{"href":"https:\/\/linitiative.ca\/International\/wp-json\/wp\/v2\/posts\/67295","targetHints":{"allow":["GET"]}}],"collection":[{"href":"https:\/\/linitiative.ca\/International\/wp-json\/wp\/v2\/posts"}],"about":[{"href":"https:\/\/linitiative.ca\/International\/wp-json\/wp\/v2\/types\/post"}],"author":[{"embeddable":true,"href":"https:\/\/linitiative.ca\/International\/wp-json\/wp\/v2\/users\/1787"}],"replies":[{"embeddable":true,"href":"https:\/\/linitiative.ca\/International\/wp-json\/wp\/v2\/comments?post=67295"}],"version-history":[{"count":0,"href":"https:\/\/linitiative.ca\/International\/wp-json\/wp\/v2\/posts\/67295\/revisions"}],"wp:attachment":[{"href":"https:\/\/linitiative.ca\/International\/wp-json\/wp\/v2\/media?parent=67295"}],"wp:term":[{"taxonomy":"category","embeddable":true,"href":"https:\/\/linitiative.ca\/International\/wp-json\/wp\/v2\/categories?post=67295"},{"taxonomy":"post_tag","embeddable":true,"href":"https:\/\/linitiative.ca\/International\/wp-json\/wp\/v2\/tags?post=67295"}],"curies":[{"name":"wp","href":"https:\/\/api.w.org\/{rel}","templated":true}]}}