{"id":67296,"date":"2019-11-12T10:23:58","date_gmt":"2019-11-12T15:23:58","guid":{"rendered":"https:\/\/linitiative.ca\/International\/mohamed-boudra-represente-lafrique-pour-la-presidence-du-cglu-monde\/"},"modified":"2019-11-12T10:23:58","modified_gmt":"2019-11-12T15:23:58","slug":"mohamed-boudra-represente-lafrique-pour-la-presidence-du-cglu-monde","status":"publish","type":"post","link":"https:\/\/linitiative.ca\/International\/mohamed-boudra-represente-lafrique-pour-la-presidence-du-cglu-monde\/","title":{"rendered":"Mohamed Boudra, repr\u00e9sente l\u2019Afrique pour la pr\u00e9sidence du CGLU-Monde"},"content":{"rendered":"<p><strong>Le pr\u00e9sident de l\u2019Association marocaine des pr\u00e9sidents des conseils communaux (AMPCC), maire de la ville d\u2019Al Hoceima, Mohamed Boudra, est le repr\u00e9sentant de l\u2019Afrique pour la pr\u00e9sidence de l\u2019organisation mondiale des Cit\u00e9s et gouvernements locaux unis (CGLU-Monde), indique l\u2019AMPCC dans un communiqu\u00e9.<\/strong><\/p>\n<div class=\"c10\"\/>\n<p>Le bureau ex\u00e9cutif de CGLU-Afrique a appuy\u00e9 la candidature du pr\u00e9sident de l\u2019AMPCC \u00e0 la pr\u00e9sidence de CGLU-Monde lors de ses r\u00e9unions pr\u00e9liminaires tenues dans le cadre de sa 22\u00e8me session, les 9 et 10 novembre \u00e0 Durban, en Afrique du Sud, ajoute l\u2019association.<\/p>\n<p>Le choix port\u00e9 sur le Maroc pour repr\u00e9senter l\u2019Afrique, \u00e0 travers l\u2019AMCC, est une reconnaissance de ses efforts en faveur de la d\u00e9mocratie locale, la d\u00e9centralisation, la justice spatiale, l\u2019\u00e9quit\u00e9 sociale, ainsi que la promotion des valeurs de solidarit\u00e9 en mati\u00e8re de d\u00e9veloppement durable, de coop\u00e9ration sud-sud et nord-sud et de lutte contre les effets du changement climatique, ajoute l\u2019AMPCC, rappelant que le Maroc, qui abrite le si\u00e8ge de CGLU-Afrique, avait organis\u00e9 sous le haut patronage de SM le Roi Mohammed VI le 8\u00e8me Sommet \u00ab\u00a0Africit\u00e9s\u00a0\u00bb en novembre 2018. Ce grand conclave international, qui a vu la participation de plus de 8.000 responsables territoriaux de diff\u00e9rents pays d\u2019Afrique et du monde, a connu un grand succ\u00e8s et refl\u00e9t\u00e9 une nouvelle image positive d\u2019une Afrique confiante et qui aspire \u00e0 un avenir meilleur, poursuit la m\u00eame source.<\/p>\n<p>Les maires de Kazan (Russie), de Barcelone (Espagne) et de Lisbonne (Portugal) sont \u00e9galement en lice pour la pr\u00e9sidence de la CGLU-Monde pour la p\u00e9riode 2019-2022.<\/p>\n<p>L\u2019Association marocaine des pr\u00e9sidents des conseils communaux (AMPCC) prend part, du 11 au 15 novembre \u00e0 Durban, en Afrique du Sud, aux travaux du Sommet mondial des villes et gouvernements locaux unis, organis\u00e9 par le CGLU-Monde, avec une importante d\u00e9l\u00e9gation conduite par Mohamed Boudra, pr\u00e9sident de l\u2019association.<\/p>\n<p>Le Sommet mondial de CGLU est consid\u00e9r\u00e9 comme le plus grand rassemblement mondial de dirigeants locaux et r\u00e9gionaux ainsi que des acteurs int\u00e9ress\u00e9s par les affaires locales. Il constitue une occasion de d\u00e9battre des enjeux du d\u00e9veloppement durable aux niveaux local, r\u00e9gional et mondial.\u00a0<\/p>\n<div class=\"c17\">\n<fieldset class=\"c16\">\n<legend><strong><span class=\"c11\">Challenge<\/span><span class=\"c12\">news<\/span><\/strong><\/legend>\n<div class=\"c15\">Le meilleur de Challenge s\u00e9lectionn\u00e9 par la r\u00e9daction :<\/p>\n<\/div>\n<\/fieldset>\n<\/div>\n<p>Auteur: challenge<br \/>\n<a href=\"https:\/\/www.challenge.ma\/mohamed-boudra-represente-lafrique-pour-la-presidence-du-cglu-monde-123085\/\">Cliquez ici pour lire l&rsquo;article depuis sa source.<\/a><\/p>\n","protected":false},"excerpt":{"rendered":"<p>Le pr\u00e9sident de l\u2019Association marocaine des pr\u00e9sidents des conseils communaux (AMPCC), maire de la ville d\u2019Al Hoceima, Mohamed Boudra, est le repr\u00e9sentant de l\u2019Afrique pour la pr\u00e9sidence de l\u2019organisation mondiale des Cit\u00e9s et gouvernements locaux unis (CGLU-Monde), indique l\u2019AMPCC dans un communiqu\u00e9. Le bureau ex\u00e9cutif de CGLU-Afrique a appuy\u00e9 la candidature du pr\u00e9sident de l\u2019AMPCC [&hellip;]<\/p>\n","protected":false},"author":1787,"featured_media":0,"comment_status":"closed","ping_status":"closed","sticky":false,"template":"","format":"standard","meta":{"fifu_image_url":"","fifu_image_alt":"","footnotes":""},"categories":[78,54],"tags":[],"class_list":["post-67296","post","type-post","status-publish","format-standard","hentry","category-economie","category-maroc"],"_links":{"self":[{"href":"https:\/\/linitiative.ca\/International\/wp-json\/wp\/v2\/posts\/67296","targetHints":{"allow":["GET"]}}],"collection":[{"href":"https:\/\/linitiative.ca\/International\/wp-json\/wp\/v2\/posts"}],"about":[{"href":"https:\/\/linitiative.ca\/International\/wp-json\/wp\/v2\/types\/post"}],"author":[{"embeddable":true,"href":"https:\/\/linitiative.ca\/International\/wp-json\/wp\/v2\/users\/1787"}],"replies":[{"embeddable":true,"href":"https:\/\/linitiative.ca\/International\/wp-json\/wp\/v2\/comments?post=67296"}],"version-history":[{"count":0,"href":"https:\/\/linitiative.ca\/International\/wp-json\/wp\/v2\/posts\/67296\/revisions"}],"wp:attachment":[{"href":"https:\/\/linitiative.ca\/International\/wp-json\/wp\/v2\/media?parent=67296"}],"wp:term":[{"taxonomy":"category","embeddable":true,"href":"https:\/\/linitiative.ca\/International\/wp-json\/wp\/v2\/categories?post=67296"},{"taxonomy":"post_tag","embeddable":true,"href":"https:\/\/linitiative.ca\/International\/wp-json\/wp\/v2\/tags?post=67296"}],"curies":[{"name":"wp","href":"https:\/\/api.w.org\/{rel}","templated":true}]}}