{"id":67307,"date":"2019-11-12T17:09:50","date_gmt":"2019-11-12T22:09:50","guid":{"rendered":"https:\/\/linitiative.ca\/International\/entrepreneuriat-des-jeunes-des-kits-dinstallation-pour-270-personnes\/"},"modified":"2019-11-12T17:09:50","modified_gmt":"2019-11-12T22:09:50","slug":"entrepreneuriat-des-jeunes-des-kits-dinstallation-pour-270-personnes","status":"publish","type":"post","link":"https:\/\/linitiative.ca\/International\/entrepreneuriat-des-jeunes-des-kits-dinstallation-pour-270-personnes\/","title":{"rendered":"Entrepreneuriat des jeunes: des kits d\u2019installation pour 270 personnes"},"content":{"rendered":"<div class=\"td-post-featured-image\"><a href=\"https:\/\/i0.wp.com\/www.sidwaya.info\/wp-content\/uploads\/2019\/11\/jeunes.gif?fit=869%2C434&#038;ssl=1\" data-caption=\"\"><img loading=\"lazy\" decoding=\"async\" width=\"696\" height=\"348\" class=\"entry-thumb td-modal-image\" src=\"https:\/\/i0.wp.com\/www.sidwaya.info\/wp-content\/uploads\/2019\/11\/jeunes.gif?resize=696%2C348&#038;ssl=1\" alt=\"\" title=\"jeunes\"\/><\/a><\/div>\n<p><strong>Le Projet emplois des jeunes et d\u00e9veloppement des comp\u00e9tences (PEJDC) a remis des attestations en fin de formation aux brigadiers et aux jeunes dans les centres de m\u00e9tiers, le jeudi 7 novembre 2019 \u00e0 Ouagadougou.<\/strong><\/p>\n<p>En vue d\u2019apporter une r\u00e9ponse \u00e0 la pr\u00e9occupation que constituent le ch\u00f4mage et le sous-emploi, le minist\u00e8re de la Jeunesse et de la Promotion de l\u2019entreprenariat des jeunes, a mis en place, le Projet emplois des jeunes et d\u00e9veloppement des comp\u00e9tences (PEJDC). Dans cette dynamique, des milliers de jeunes form\u00e9s aux m\u00e9tiers, des brigadiers sur les th\u00e8mes soci\u00e9taux et les activit\u00e9s g\u00e9n\u00e9ratrices de revenus ont re\u00e7u leurs attestations de fin de formation, et des kits d\u2019installation, le jeudi 7 novembre 2019 \u00e0 Ouagadougou. Les mai\u00eetres artisans ont re\u00e7u des kits d\u2019apprentissage. Au total, 270 machines \u00e0 coudre t\u00eate blanche ont \u00e9t\u00e9 remises aux ma\u00eetres artisans des 13 r\u00e9gions du Burkina. Quant aux b\u00e9n\u00e9ficiaires, ces mat\u00e9riels de couture vont leur permettre de renforcer leurs comp\u00e9tences dans le domaine de la couture ; c\u2019est l\u2019occasion pour eux de valoriser leur savoir-faire avec le Faso danfani.<br \/>Selon le premier responsable de cette institution, Salifo Tiemtor\u00e9, le PEJDC vise \u00e0 favoriser l\u2019acc\u00e8s \u00e0 des emplois et l\u2019acquisition de comp\u00e9tences professionnelles par des jeunes hommes et femmes de 16 \u00e0 35 ans, peu ou pas scolaris\u00e9s, en vue de leur ouvrir des opportunit\u00e9s d\u2019insertion durable sur le march\u00e9 du travail. Apr\u00e8s deux ann\u00e9es de formation, les apprenants ont b\u00e9n\u00e9fici\u00e9 de comp\u00e9tences diversifi\u00e9es qui leur ouvrent la voie d\u2019acc\u00e8s au march\u00e9 de l\u2019emploi et \u00e0 l\u2019auto-emploi. Entre autres, la construction m\u00e9tallique, la coupe-couture, l\u2019\u00e9nergie solaire, la m\u00e9canique automobile, etc. \u00ab10 225 brigadiers ont \u00e9t\u00e9 form\u00e9s aux th\u00e8mes sociaux, \u00e0 savoir le civisme, la citoyennet\u00e9, l\u2019environnement, l\u2019hygi\u00e8ne publique et le VIH-SIDA. Ils ont \u00e9t\u00e9 form\u00e9s \u00e9galement \u00e0 l\u2019esprit entrepreneurial, la cr\u00e9ation et la gestion de micro-entreprises et sensibilis\u00e9s \u00e0 la notion de plan d\u2019affaires d\u2019une micro-entreprise \u00bb, a-t-il expliqu\u00e9. Malgr\u00e9 les difficult\u00e9s rencontr\u00e9es au cours de la formation, le pr\u00e9sident national de la Chambre des m\u00e9tiers de l\u2019artisanat du Burkina Faso (CMA-BF), Jacques Seddogo a soulign\u00e9 que les formateurs ont pu relever de nombreux d\u00e9fis afin d\u2019atteindre un taux d\u2019ex\u00e9cution tr\u00e8s satisfaisant au bonheur des b\u00e9n\u00e9ficiaires de kits d\u2019installation. Pour lui, ce projet a contribu\u00e9 \u00e0 professionnaliser davantage le secteur de l\u2019artisanat dans le pays. Selon un b\u00e9n\u00e9ficiaire de la r\u00e9gion des Cascades, Bamikou Soma, l\u2019action gouvernementale dans la mise en \u0153uvre des projets pour promouvoir l\u2019entrepreneuriat des jeunes est une bonne initiative. \u00abNous remercions le minist\u00e8re de la Jeunesse d\u2019avoir pris l\u2019engagement pour permettre \u00e0 la jeunesse de suivre des formations et de s\u2019auto-employer\u00bb, a-t-il indiqu\u00e9. Le pr\u00e9sident national de la CMA-BF a, par ailleurs, invit\u00e9 le gouvernement et les partenaires techniques \u00e0 poursuivre cet engagement afin d\u2019accompagner les jeunes dans la formation professionnelle.<\/p>\n<p>Oumarou RABO<br \/>(Stagiaire)<\/p>\n<div class=\"td-a-rec td-a-rec-id-content_bottom tdi_30_8dc td_block_template_1\"><img loading=\"lazy\" decoding=\"async\" class=\"aligncenter size-full wp-image-9623\" src=\"https:\/\/www.sidwaya.info\/wp-content\/uploads\/2019\/06\/Projet-bannie%CC%80re-Orange-mobile.jpg\" alt=\"\" width=\"728\" height=\"81\"\/><\/div>\n<p>Auteur: BM. Sidwaya<br \/>\n<a href=\"https:\/\/www.sidwaya.info\/blog\/2019\/11\/12\/entrepreneuriat-des-jeunes-des-kits-dinstallation-pour-270-personnes\/\">Cliquez ici pour lire l&rsquo;article depuis sa source.<\/a><\/p>\n","protected":false},"excerpt":{"rendered":"<p>Le Projet emplois des jeunes et d\u00e9veloppement des comp\u00e9tences (PEJDC) a remis des attestations en fin de formation aux brigadiers et aux jeunes dans les centres de m\u00e9tiers, le jeudi 7 novembre 2019 \u00e0 Ouagadougou. En vue d\u2019apporter une r\u00e9ponse \u00e0 la pr\u00e9occupation que constituent le ch\u00f4mage et le sous-emploi, le minist\u00e8re de la Jeunesse [&hellip;]<\/p>\n","protected":false},"author":1816,"featured_media":0,"comment_status":"closed","ping_status":"closed","sticky":false,"template":"","format":"standard","meta":{"fifu_image_url":"","fifu_image_alt":"","footnotes":""},"categories":[73,81],"tags":[],"class_list":["post-67307","post","type-post","status-publish","format-standard","hentry","category-actualite","category-burkina-faso"],"_links":{"self":[{"href":"https:\/\/linitiative.ca\/International\/wp-json\/wp\/v2\/posts\/67307","targetHints":{"allow":["GET"]}}],"collection":[{"href":"https:\/\/linitiative.ca\/International\/wp-json\/wp\/v2\/posts"}],"about":[{"href":"https:\/\/linitiative.ca\/International\/wp-json\/wp\/v2\/types\/post"}],"author":[{"embeddable":true,"href":"https:\/\/linitiative.ca\/International\/wp-json\/wp\/v2\/users\/1816"}],"replies":[{"embeddable":true,"href":"https:\/\/linitiative.ca\/International\/wp-json\/wp\/v2\/comments?post=67307"}],"version-history":[{"count":0,"href":"https:\/\/linitiative.ca\/International\/wp-json\/wp\/v2\/posts\/67307\/revisions"}],"wp:attachment":[{"href":"https:\/\/linitiative.ca\/International\/wp-json\/wp\/v2\/media?parent=67307"}],"wp:term":[{"taxonomy":"category","embeddable":true,"href":"https:\/\/linitiative.ca\/International\/wp-json\/wp\/v2\/categories?post=67307"},{"taxonomy":"post_tag","embeddable":true,"href":"https:\/\/linitiative.ca\/International\/wp-json\/wp\/v2\/tags?post=67307"}],"curies":[{"name":"wp","href":"https:\/\/api.w.org\/{rel}","templated":true}]}}