{"id":67308,"date":"2019-11-12T17:13:25","date_gmt":"2019-11-12T22:13:25","guid":{"rendered":"https:\/\/linitiative.ca\/International\/cyclisme-les-acteurs-font-le-point-de-la-saison-au-mogho-naaba\/"},"modified":"2019-11-12T17:13:25","modified_gmt":"2019-11-12T22:13:25","slug":"cyclisme-les-acteurs-font-le-point-de-la-saison-au-mogho-naaba","status":"publish","type":"post","link":"https:\/\/linitiative.ca\/International\/cyclisme-les-acteurs-font-le-point-de-la-saison-au-mogho-naaba\/","title":{"rendered":"Cyclisme: les acteurs font le point de la saison  au Mogho Naaba"},"content":{"rendered":"<div class=\"td-post-featured-image\"><a href=\"https:\/\/i2.wp.com\/www.sidwaya.info\/wp-content\/uploads\/2019\/11\/cyclisme13.gif?fit=869%2C489&#038;ssl=1\" data-caption=\"\"><img loading=\"lazy\" decoding=\"async\" width=\"696\" height=\"392\" class=\"entry-thumb td-modal-image\" src=\"https:\/\/i2.wp.com\/www.sidwaya.info\/wp-content\/uploads\/2019\/11\/cyclisme13.gif?resize=696%2C392&#038;ssl=1\" alt=\"\" title=\"cyclisme13\"\/><\/a><\/div>\n<p><strong>Sa Majest\u00e9 le Mogho Naaba Baongo a re\u00e7u en audience les Etalons cyclistes dans la matin\u00e9e du vendredi 8 novembre 2019 en son palais \u00e0 Ouagadougou.<\/strong><\/p>\n<p>Conduits par le bureau f\u00e9d\u00e9ral, plusieurs cyclistes nationaux \u00e9taient au palais du Mogho Naaba Baongo, le vendredi 8 novembre 2019. A l\u2019empereur des Moss\u00e9, les Etalons ont pr\u00e9sent\u00e9 les r\u00e9compenses engrang\u00e9es cette ann\u00e9e au Tour de C\u00f4te d\u2019Ivoire, \u00e0 la coupe d\u2019Afrique tenue au Nig\u00e9ria et r\u00e9cemment au 32e Tour du Faso. Le directeur technique national de la F\u00e9d\u00e9ration burkinab\u00e8 de cyclisme, Martin Sawadogo, a expliqu\u00e9 qu\u2019avant chaque comp\u00e9tition, la d\u00e9l\u00e9gation vient requ\u00e9rir les b\u00e9n\u00e9dictions de Sa Majest\u00e9. Il \u00e9tait donc important, selon lui, de revenir apr\u00e8s les diff\u00e9rentes \u00e9ch\u00e9ances t\u00e9moigner sa reconnaissance \u00e0 celui qu\u2019il consid\u00e8re comme le premier supporter du cyclisme burkinab\u00e8. \u00ab\u00a0Au Tour du Faso par exemple, chaque jour, il appelait pour nous encourager et faire des observations ou suggestions \u00e0 l\u2019encadrement et cela nous va droit au c\u0153ur\u00a0\u00bb, a-t-il pr\u00e9cis\u00e9. L\u2019h\u00f4te du jour a f\u00e9licit\u00e9 les athl\u00e8tes pour leurs performances. Pour lui, les r\u00e9sultats atteints prouvent qu\u2019il y a du potentiel \u00e0 d\u00e9velopper pour r\u00e9colter plus de lauriers. \u00ab\u00a0C\u2019est vrai que pour le dernier Tour du Faso ils n\u2019ont pas eu le maillot jaune mais s\u2019ils ont \u00e9t\u00e9 capables avec une moyenne nationale de 43km\/h de suivre le peloton qui a atteint 48km\/h c\u2019est qu\u2019il y a motif de satisfaction et c\u2019est en cela que je les ai encourag\u00e9s \u00e0 maintenir le cap\u00a0\u00bb, a affirm\u00e9 le Mogho Naaba.<\/p>\n<p>Voro KORAHIRE<\/p>\n<div class=\"td-a-rec td-a-rec-id-content_bottom tdi_30_d5e td_block_template_1\"><img loading=\"lazy\" decoding=\"async\" class=\"aligncenter size-full wp-image-9623\" src=\"https:\/\/www.sidwaya.info\/wp-content\/uploads\/2019\/06\/Projet-bannie%CC%80re-Orange-mobile.jpg\" alt=\"\" width=\"728\" height=\"81\"\/><\/div>\n<p>Auteur: BM. Sidwaya<br \/>\n<a href=\"https:\/\/www.sidwaya.info\/blog\/2019\/11\/12\/cyclisme-les-acteurs-font-le-point-de-la-saison-au-mogho-naaba\/\">Cliquez ici pour lire l&rsquo;article depuis sa source.<\/a><\/p>\n","protected":false},"excerpt":{"rendered":"<p>Sa Majest\u00e9 le Mogho Naaba Baongo a re\u00e7u en audience les Etalons cyclistes dans la matin\u00e9e du vendredi 8 novembre 2019 en son palais \u00e0 Ouagadougou. Conduits par le bureau f\u00e9d\u00e9ral, plusieurs cyclistes nationaux \u00e9taient au palais du Mogho Naaba Baongo, le vendredi 8 novembre 2019. A l\u2019empereur des Moss\u00e9, les Etalons ont pr\u00e9sent\u00e9 les [&hellip;]<\/p>\n","protected":false},"author":1816,"featured_media":0,"comment_status":"closed","ping_status":"closed","sticky":false,"template":"","format":"standard","meta":{"fifu_image_url":"","fifu_image_alt":"","footnotes":""},"categories":[73,81],"tags":[],"class_list":["post-67308","post","type-post","status-publish","format-standard","hentry","category-actualite","category-burkina-faso"],"_links":{"self":[{"href":"https:\/\/linitiative.ca\/International\/wp-json\/wp\/v2\/posts\/67308","targetHints":{"allow":["GET"]}}],"collection":[{"href":"https:\/\/linitiative.ca\/International\/wp-json\/wp\/v2\/posts"}],"about":[{"href":"https:\/\/linitiative.ca\/International\/wp-json\/wp\/v2\/types\/post"}],"author":[{"embeddable":true,"href":"https:\/\/linitiative.ca\/International\/wp-json\/wp\/v2\/users\/1816"}],"replies":[{"embeddable":true,"href":"https:\/\/linitiative.ca\/International\/wp-json\/wp\/v2\/comments?post=67308"}],"version-history":[{"count":0,"href":"https:\/\/linitiative.ca\/International\/wp-json\/wp\/v2\/posts\/67308\/revisions"}],"wp:attachment":[{"href":"https:\/\/linitiative.ca\/International\/wp-json\/wp\/v2\/media?parent=67308"}],"wp:term":[{"taxonomy":"category","embeddable":true,"href":"https:\/\/linitiative.ca\/International\/wp-json\/wp\/v2\/categories?post=67308"},{"taxonomy":"post_tag","embeddable":true,"href":"https:\/\/linitiative.ca\/International\/wp-json\/wp\/v2\/tags?post=67308"}],"curies":[{"name":"wp","href":"https:\/\/api.w.org\/{rel}","templated":true}]}}