{"id":67309,"date":"2019-11-12T17:17:40","date_gmt":"2019-11-12T22:17:40","guid":{"rendered":"https:\/\/linitiative.ca\/International\/finance-inclusive-59-milliards-f-cfa-pour-financer-la-strategie-nationale\/"},"modified":"2019-11-12T17:17:40","modified_gmt":"2019-11-12T22:17:40","slug":"finance-inclusive-59-milliards-f-cfa-pour-financer-la-strategie-nationale","status":"publish","type":"post","link":"https:\/\/linitiative.ca\/International\/finance-inclusive-59-milliards-f-cfa-pour-financer-la-strategie-nationale\/","title":{"rendered":"Finance inclusive: 59 milliards F CFA pour financer  la strat\u00e9gie nationale"},"content":{"rendered":"<div class=\"td-post-featured-image\"><a href=\"https:\/\/i2.wp.com\/www.sidwaya.info\/wp-content\/uploads\/2019\/11\/japonsid13.gif?fit=869%2C580&#038;ssl=1\" data-caption=\"\"><img loading=\"lazy\" decoding=\"async\" width=\"696\" height=\"465\" class=\"entry-thumb td-modal-image\" src=\"https:\/\/i2.wp.com\/www.sidwaya.info\/wp-content\/uploads\/2019\/11\/japonsid13.gif?resize=696%2C465&#038;ssl=1\" alt=\"\" title=\"japonsid13\"\/><\/a><\/div>\n<p><strong>Le minist\u00e8re de l\u2019Economie, des Finances et du D\u00e9veloppement a organis\u00e9, le mardi 12 novembre 2019 \u00e0 Ouagadougou, une table ronde des partenaires techniques et financiers pour le financement de la Strat\u00e9gie nationale de la finance inclusive, estim\u00e9e \u00e0 plus de 59 milliards de francs CFA.<\/strong><\/p>\n<p>Cadre de r\u00e9f\u00e9rence pour les acteurs \u0153uvrant dans la promotion de l\u2019inclusion financi\u00e8re, la Strat\u00e9gie nationale de la finance inclusive (SNFI) a un co\u00fbt global de 59 116 217 450 F CFA dont pr\u00e8s de 80% d\u00e9j\u00e0 mobilis\u00e9 par le gouvernement burkinab\u00e8. Afin de combler le gap de financement estim\u00e9 \u00e0 environ sept milliards, le minist\u00e8re de l\u2019Economie, des Finances et du D\u00e9veloppement a r\u00e9uni ses partenaires techniques et financiers (PTF) autour d\u2019une table, le mardi 12 novembre 2019 \u00e0 Ouagadougou. Le ministre d\u00e9l\u00e9gu\u00e9 aupr\u00e8s du ministre en charge des finances, charg\u00e9 de l\u2019am\u00e9nagement du territoire, Pauline Zour\u00e9, a fait savoir que cette enveloppe devrait servir essentiellement \u00e0 la couverture des risques de garantie, \u00e0 la finance digitale, \u00e0 la r\u00e9glementation et au suivi. \u00abL\u2019inclusion financi\u00e8re est une politique \u00e9conomique qui permet d\u2019assurer la participation de l\u2019ensemble de la population \u00e0 la vie de la Nation et surtout leur \u00e9panouissement \u00e0 travers le circuit \u00e9conomique afin de leur permettre d\u2019assurer leur propre prise en charge, la conduite d\u2019activit\u00e9s g\u00e9n\u00e9ratrices de revenus pour de meilleures conditions d\u2019existence\u00bb, a expliqu\u00e9 Mme Zour\u00e9. De son avis, cet instrument va permettre d\u2019atteindre l\u2019ensemble des populations vuln\u00e9rables qui n\u2019ont pas la capacit\u00e9 d\u2019entrer dans le circuit classique du financement. A travers cette politique, a-t-elle ajout\u00e9, nous comptons d\u2019ici \u00e0 2023 atteindre plus de 75% de la population adulte. \u00abLa situation socio\u00e9conomique de la population burkinab\u00e8, caract\u00e9ris\u00e9e par une forte proportion de m\u00e9nages vivant dans les zones rurales et un faible niveau d\u2019\u00e9ducation et des revenus, ne favorise par une forte inclusion financi\u00e8re. Ainsi, 39% des adultes n\u2019utilisent aucun service financier, formel ou informel\u00bb, a martel\u00e9 la ministre d\u00e9l\u00e9gu\u00e9e. En outre, elle a relev\u00e9 des disparit\u00e9s dans l\u2019utilisation des services financiers entre les zones urbaines et rurales o\u00f9 les taux sont respectivement de 74% et 29%. De ce constat, elle a fait remarquer que des d\u00e9fis se d\u00e9gagent.<br \/>Il s\u2019agit notamment d\u2019am\u00e9liorer la disponibilit\u00e9 de services num\u00e9riques et du financement agricole, renforcer l\u2019infrastructure financi\u00e8re et la protection des consommateurs.<br \/>La repr\u00e9sente r\u00e9sidente du Syst\u00e8me des Nations unies au Burkina Faso, par ailleurs pr\u00e9sidente de la Tro\u00efka des PTF, Metsi Makhetha, a f\u00e9licit\u00e9 le gouvernement pour la SNFI. Pour elle, il est important que l\u2019inclusion soit un v\u00e9ritable moteur qui va permettre aux m\u00e9nages, aux petites et moyennes entreprises d\u2019agir et de contribuer \u00e0 la stabilisation sociale, mais aussi \u00e0 la transformation de l\u2019\u00e9conomie nationale. \u00abLes partenaires sont int\u00e9ress\u00e9s par la mise en \u0153uvre effective de cette strat\u00e9gie. Au-del\u00e0 de l\u2019apport financier, nous allons accompagner la restructuration de l\u2019\u00e9cosyst\u00e8me digital, car les nouvelles technologies donnent l\u2019opportunit\u00e9 \u00e0 tous ceux qui n\u2019ont pas de financement \u00e0 travers le syst\u00e8me classique de l\u2019avoir. Nous allons soutenir \u00e9galement l\u2019am\u00e9lioration du cadre r\u00e9glementaire pour que le client soit prot\u00e9g\u00e9 \u00bb, a confi\u00e9 Metsi Makhetha.<br \/>Soulignant les diff\u00e9rents axes de la SNFI qui sont, entre autres, la mise en place d\u2019un fonds national pour la finance inclusive et l\u2019am\u00e9lioration de l\u2019\u00e9ducation financi\u00e8re de l\u2019adulte, Mme Zour\u00e9 a dit \u00eatre convaincue que la table ronde aboutira \u00e0 la formulation de propositions pertinentes, concr\u00e8tes et \u00e0 des am\u00e9nagements susceptibles de contribuer \u00e0 faire avancer la mise en \u0153uvre de la strat\u00e9gie.<\/p>\n<p>Joseph HARO<\/p>\n<div class=\"td-a-rec td-a-rec-id-content_bottom tdi_30_1b1 td_block_template_1\"><img loading=\"lazy\" decoding=\"async\" class=\"aligncenter size-full wp-image-9623\" src=\"https:\/\/www.sidwaya.info\/wp-content\/uploads\/2019\/06\/Projet-bannie%CC%80re-Orange-mobile.jpg\" alt=\"\" width=\"728\" height=\"81\"\/><\/div>\n<p>Auteur: BM. Sidwaya<br \/>\n<a href=\"https:\/\/www.sidwaya.info\/blog\/2019\/11\/12\/finance-inclusive-59-milliards-f-cfa-pour-financer-la-strategie-nationale\/\">Cliquez ici pour lire l&rsquo;article depuis sa source.<\/a><\/p>\n","protected":false},"excerpt":{"rendered":"<p>Le minist\u00e8re de l\u2019Economie, des Finances et du D\u00e9veloppement a organis\u00e9, le mardi 12 novembre 2019 \u00e0 Ouagadougou, une table ronde des partenaires techniques et financiers pour le financement de la Strat\u00e9gie nationale de la finance inclusive, estim\u00e9e \u00e0 plus de 59 milliards de francs CFA. Cadre de r\u00e9f\u00e9rence pour les acteurs \u0153uvrant dans la [&hellip;]<\/p>\n","protected":false},"author":1816,"featured_media":0,"comment_status":"closed","ping_status":"closed","sticky":false,"template":"","format":"standard","meta":{"fifu_image_url":"","fifu_image_alt":"","footnotes":""},"categories":[73,81],"tags":[],"class_list":["post-67309","post","type-post","status-publish","format-standard","hentry","category-actualite","category-burkina-faso"],"_links":{"self":[{"href":"https:\/\/linitiative.ca\/International\/wp-json\/wp\/v2\/posts\/67309","targetHints":{"allow":["GET"]}}],"collection":[{"href":"https:\/\/linitiative.ca\/International\/wp-json\/wp\/v2\/posts"}],"about":[{"href":"https:\/\/linitiative.ca\/International\/wp-json\/wp\/v2\/types\/post"}],"author":[{"embeddable":true,"href":"https:\/\/linitiative.ca\/International\/wp-json\/wp\/v2\/users\/1816"}],"replies":[{"embeddable":true,"href":"https:\/\/linitiative.ca\/International\/wp-json\/wp\/v2\/comments?post=67309"}],"version-history":[{"count":0,"href":"https:\/\/linitiative.ca\/International\/wp-json\/wp\/v2\/posts\/67309\/revisions"}],"wp:attachment":[{"href":"https:\/\/linitiative.ca\/International\/wp-json\/wp\/v2\/media?parent=67309"}],"wp:term":[{"taxonomy":"category","embeddable":true,"href":"https:\/\/linitiative.ca\/International\/wp-json\/wp\/v2\/categories?post=67309"},{"taxonomy":"post_tag","embeddable":true,"href":"https:\/\/linitiative.ca\/International\/wp-json\/wp\/v2\/tags?post=67309"}],"curies":[{"name":"wp","href":"https:\/\/api.w.org\/{rel}","templated":true}]}}