{"id":67310,"date":"2019-11-12T17:21:23","date_gmt":"2019-11-12T22:21:23","guid":{"rendered":"https:\/\/linitiative.ca\/International\/soutien-aux-deplaces-internes\/"},"modified":"2019-11-12T17:21:23","modified_gmt":"2019-11-12T22:21:23","slug":"soutien-aux-deplaces-internes","status":"publish","type":"post","link":"https:\/\/linitiative.ca\/International\/soutien-aux-deplaces-internes\/","title":{"rendered":"Soutien aux d\u00e9plac\u00e9s internes"},"content":{"rendered":"<div class=\"td-post-featured-image\"><a href=\"https:\/\/i0.wp.com\/www.sidwaya.info\/wp-content\/uploads\/2019\/11\/cardinal13.gif?fit=869%2C652&#038;ssl=1\" data-caption=\"\"><img loading=\"lazy\" decoding=\"async\" width=\"696\" height=\"522\" class=\"entry-thumb td-modal-image\" src=\"https:\/\/i0.wp.com\/www.sidwaya.info\/wp-content\/uploads\/2019\/11\/cardinal13.gif?resize=696%2C522&#038;ssl=1\" alt=\"\" title=\"cardinal13\"\/><\/a><\/div>\n<p><strong>L\u2019Eglise famille de Dieu au Burkina Faso a organis\u00e9, \u00abla journ\u00e9e de la mis\u00e9ricorde\u00bb, en pr\u00e9sence des d\u00e9plac\u00e9s de toutes les confessions religieuses, le dimanche 10 novembre 2019 au sanctuaire Notre-Dame-de-Yagma \u00e0 Ouagadougou. Le cardinal Philippe Ou\u00e9draogo a invit\u00e9 les Burkinab\u00e8 \u00e0 plus de compassion envers les d\u00e9plac\u00e9s.<\/strong><\/p>\n<p>Des centaines de fid\u00e8les chr\u00e9tiens catholiques de la ville de Ouagadougou et d\u2019ailleurs ont effectu\u00e9 le d\u00e9placement du sanctuaire Notre-Dame-de-Yagma pour communier avec les d\u00e9plac\u00e9s internes et les victimes des attaques terroristes. Et ce, lors de la journ\u00e9e de la mis\u00e9ricorde, le 10 novembre dernier au sanctuaire Notre-Dame-de-Yagma, en pr\u00e9lude au 4e congr\u00e8s de l\u2019Afrique et Madagascar qui se tiendra, du 18 au 24 novembre prochain \u00e0 Ouagadougou et plac\u00e9 sous le th\u00e8me : \u00abLa mis\u00e9ricorde divine, une gr\u00e2ce pour notre temps\u00bb. Lors de cette journ\u00e9e, l\u2019Eglise famille de Dieu au Burkina et au Niger a tenu une messe en l\u2019honneur des d\u00e9plac\u00e9s internes. Cette journ\u00e9e \u00e9tait ponctu\u00e9e de pri\u00e8res, une c\u00e9r\u00e9monie de remise de dons, de t\u00e9moignages et de partage fraternel entre p\u00e8lerins et les d\u00e9plac\u00e9s de toutes les confessions religieuses. Pour le cardinal Philippe Ou\u00e9draogo, cette journ\u00e9e est celle de la fraternit\u00e9, de la consolation, de la solidarit\u00e9 et de l\u2019esp\u00e9rance. Au milieu de plusieurs autres \u00e9v\u00eaques et pr\u00eatres, le cardinal a abord\u00e9 la question de la crise humanitaire qui s\u00e9vit au Burkina Faso. Il a invit\u00e9 les Burkinab\u00e8 \u00e0 prendre conscience de fa\u00e7on collective pour venir en aide au pays. Par ailleurs, son plus grand regret, c\u2019est que malgr\u00e9 cette crise humanitaire, \u00abon a l\u2019impression que les habitants de Ouagadougou sont dans une insouciance \u00e0 l\u2019\u00e9gard de leurs fr\u00e8res et s\u0153urs en situation de d\u00e9plac\u00e9s internes. Ils mangent, ils boivent et ils dansent dans une insouciance totale\u00bb, a d\u00e9ploi\u00e9 le cardinal Philippe Ou\u00e9draogo. Selon lui, depuis les attaques terroristes \u00e0 r\u00e9p\u00e9tition des Burkinab\u00e8 n\u2019ont pas pu cultiver, ni faire des r\u00e9coltes et vivent dans une pauvret\u00e9 extr\u00eame. A l\u2019entendre, la crise humanitaire est d\u2019une telle ampleur qui doit interpeller tout un chacun \u00e0 une prise de conscience collective.<\/p>\n<p>Valentin KABORE<br \/>(Collaborateur)<\/p>\n<div class=\"td-a-rec td-a-rec-id-content_bottom tdi_30_3d5 td_block_template_1\"><img loading=\"lazy\" decoding=\"async\" class=\"aligncenter size-full wp-image-9623\" src=\"https:\/\/www.sidwaya.info\/wp-content\/uploads\/2019\/06\/Projet-bannie%CC%80re-Orange-mobile.jpg\" alt=\"\" width=\"728\" height=\"81\"\/><\/div>\n<p>Auteur: BM. Sidwaya<br \/>\n<a href=\"https:\/\/www.sidwaya.info\/blog\/2019\/11\/12\/soutien-aux-deplaces-internes\/\">Cliquez ici pour lire l&rsquo;article depuis sa source.<\/a><\/p>\n","protected":false},"excerpt":{"rendered":"<p>L\u2019Eglise famille de Dieu au Burkina Faso a organis\u00e9, \u00abla journ\u00e9e de la mis\u00e9ricorde\u00bb, en pr\u00e9sence des d\u00e9plac\u00e9s de toutes les confessions religieuses, le dimanche 10 novembre 2019 au sanctuaire Notre-Dame-de-Yagma \u00e0 Ouagadougou. Le cardinal Philippe Ou\u00e9draogo a invit\u00e9 les Burkinab\u00e8 \u00e0 plus de compassion envers les d\u00e9plac\u00e9s. Des centaines de fid\u00e8les chr\u00e9tiens catholiques de [&hellip;]<\/p>\n","protected":false},"author":1816,"featured_media":0,"comment_status":"closed","ping_status":"closed","sticky":false,"template":"","format":"standard","meta":{"fifu_image_url":"","fifu_image_alt":"","footnotes":""},"categories":[73,81],"tags":[],"class_list":["post-67310","post","type-post","status-publish","format-standard","hentry","category-actualite","category-burkina-faso"],"_links":{"self":[{"href":"https:\/\/linitiative.ca\/International\/wp-json\/wp\/v2\/posts\/67310","targetHints":{"allow":["GET"]}}],"collection":[{"href":"https:\/\/linitiative.ca\/International\/wp-json\/wp\/v2\/posts"}],"about":[{"href":"https:\/\/linitiative.ca\/International\/wp-json\/wp\/v2\/types\/post"}],"author":[{"embeddable":true,"href":"https:\/\/linitiative.ca\/International\/wp-json\/wp\/v2\/users\/1816"}],"replies":[{"embeddable":true,"href":"https:\/\/linitiative.ca\/International\/wp-json\/wp\/v2\/comments?post=67310"}],"version-history":[{"count":0,"href":"https:\/\/linitiative.ca\/International\/wp-json\/wp\/v2\/posts\/67310\/revisions"}],"wp:attachment":[{"href":"https:\/\/linitiative.ca\/International\/wp-json\/wp\/v2\/media?parent=67310"}],"wp:term":[{"taxonomy":"category","embeddable":true,"href":"https:\/\/linitiative.ca\/International\/wp-json\/wp\/v2\/categories?post=67310"},{"taxonomy":"post_tag","embeddable":true,"href":"https:\/\/linitiative.ca\/International\/wp-json\/wp\/v2\/tags?post=67310"}],"curies":[{"name":"wp","href":"https:\/\/api.w.org\/{rel}","templated":true}]}}