{"id":67317,"date":"2019-11-12T17:50:06","date_gmt":"2019-11-12T22:50:06","guid":{"rendered":"https:\/\/linitiative.ca\/International\/soudan-nouvelles-poursuites-contre-bechir-pour-son-role-dans-le-coup-detat-de-1989\/"},"modified":"2019-11-12T17:50:06","modified_gmt":"2019-11-12T22:50:06","slug":"soudan-nouvelles-poursuites-contre-bechir-pour-son-role-dans-le-coup-detat-de-1989","status":"publish","type":"post","link":"https:\/\/linitiative.ca\/International\/soudan-nouvelles-poursuites-contre-bechir-pour-son-role-dans-le-coup-detat-de-1989\/","title":{"rendered":"Soudan: nouvelles poursuites contre B\u00e9chir pour son r\u00f4le dans le coup d\u2019Etat de 1989"},"content":{"rendered":"<div readability=\"32\">\n<p>Publi\u00e9 le 12.11.2019 \u00e0 23h50 par AFP<\/p>\n<\/div>\n<div readability=\"87\">\n<p>Les autorit\u00e9s soudanaises ont \u00e9mis mardi un nouveau mandat d\u2019arrestation \u00e0 l\u2019encontre de l\u2019ex-pr\u00e9sident Omar el-B\u00e9chir, d\u00e9j\u00e0 en prison, pour son r\u00f4le dans le coup d\u2019Etat de 1989 qui l\u2019a amen\u00e9 au pouvoir, ont indiqu\u00e9 des sources politiques et judiciaires.<\/p>\n<p>\u00ab\u00a0Des mandats d\u2019arr\u00eats ont \u00e9t\u00e9 \u00e9mis contre tous les responsables militaires et civils qui ont complot\u00e9 et mis en oeuvre le coup d\u2019Etat de 1989\u00a0\u00bb, a annonc\u00e9 dans un communiqu\u00e9 le mouvement des Forces pour la libert\u00e9 et le changement (FFC), fer de lance de la contestation qui a men\u00e9 \u00e0 la chute de B\u00e9chir en avril dernier.<\/p>\n<p>Une source du bureau du procureur a confirm\u00e9 \u00e0 l\u2019AFP ces nouveaux mandats d\u2019arr\u00eat.<\/p>\n<p>Selon le FFC, ces mandats visent des responsables de premier plan de l\u2019ancien r\u00e9gime soudanais. Selon la loi soudanaise, ces chefs d\u2019inculpation sont passibles de la peine de mort ou de la prison \u00e0 perp\u00e9tuit\u00e9.<\/p>\n<p>M. B\u00e9chir, arriv\u00e9 au pouvoir en 1989 par un coup d\u2019Etat soutenu par les islamistes, a dirig\u00e9 le Soudan d\u2019une main de fer pendant 30 ans. Destitu\u00e9 par l\u2019arm\u00e9e le 11 avril dernier apr\u00e8s des mois d\u2019un mouvement de contestation populaire in\u00e9dite, il est actuellement emprisonn\u00e9 et jug\u00e9 \u00e0 Khartoum, mais uniquement sur des accusations de corruption.<\/p>\n<p>L\u2019ancien pr\u00e9sident soudanais fait aussi l\u2019objet de deux mandats d\u2019arr\u00eats \u00e9mis par la Cour p\u00e9nale internationale pour \u00ab\u00a0crimes de guerre\u00a0\u00bb, \u00ab\u00a0crimes contre l\u2019humanit\u00e9\u00a0\u00bb et \u00ab\u00a0g\u00e9nocide\u00a0\u00bb au Darfour. Cette province occidentale soudanaise a \u00e9t\u00e9 le th\u00e9\u00e2tre d\u2019une guerre sanglante entre rebelles et forces loyales au pouvoir de Khartoum. Le conflit, qui a \u00e9clat\u00e9 en 2003, a fait 300.000 morts et 2,5 millions de d\u00e9plac\u00e9s, selon l\u2019ONU.<\/p>\n<p>Apr\u00e8s la destitution de B\u00e9chir, les procureurs de la CPI ont eux aussi demand\u00e9 \u00e0 ce qu\u2019il soit jug\u00e9 pour les tueries de masse commises au Darfour.<\/p>\n<p>Mais les militaires, qui avaient pris le pouvoir apr\u00e8s sa chute, ont refus\u00e9 de le remettre \u00e0 la CPI.<\/p>\n<p>Il faut pour cela que les autorit\u00e9s de transition, mises en place en ao\u00fbt \u00e0 la suite d\u2019un accord entre militaires et contestation, ratifient le Statut de Rome \u2013le trait\u00e9 fondateur de la CPI\u2013 pour permettre \u00e0 M. B\u00e9chir d\u2019\u00eatre transf\u00e9r\u00e9 \u00e0 La Haye, o\u00f9 si\u00e8ge la cour.<\/p>\n<\/div>\n<p>Auteur: AFP<br \/>\n<a href=\"https:\/\/www.journalducameroun.com\/soudan-nouvelles-poursuites-contre-bechir-pour-son-role-dans-le-coup-detat-de-1989\/\">Cliquez ici pour lire l&rsquo;article depuis sa source.<\/a><\/p>\n","protected":false},"excerpt":{"rendered":"<p>Publi\u00e9 le 12.11.2019 \u00e0 23h50 par AFP Les autorit\u00e9s soudanaises ont \u00e9mis mardi un nouveau mandat d\u2019arrestation \u00e0 l\u2019encontre de l\u2019ex-pr\u00e9sident Omar el-B\u00e9chir, d\u00e9j\u00e0 en prison, pour son r\u00f4le dans le coup d\u2019Etat de 1989 qui l\u2019a amen\u00e9 au pouvoir, ont indiqu\u00e9 des sources politiques et judiciaires. \u00ab\u00a0Des mandats d\u2019arr\u00eats ont \u00e9t\u00e9 \u00e9mis contre tous [&hellip;]<\/p>\n","protected":false},"author":1965,"featured_media":0,"comment_status":"closed","ping_status":"closed","sticky":false,"template":"","format":"standard","meta":{"fifu_image_url":"","fifu_image_alt":"","footnotes":""},"categories":[73,82],"tags":[],"class_list":["post-67317","post","type-post","status-publish","format-standard","hentry","category-actualite","category-cameroun"],"_links":{"self":[{"href":"https:\/\/linitiative.ca\/International\/wp-json\/wp\/v2\/posts\/67317","targetHints":{"allow":["GET"]}}],"collection":[{"href":"https:\/\/linitiative.ca\/International\/wp-json\/wp\/v2\/posts"}],"about":[{"href":"https:\/\/linitiative.ca\/International\/wp-json\/wp\/v2\/types\/post"}],"author":[{"embeddable":true,"href":"https:\/\/linitiative.ca\/International\/wp-json\/wp\/v2\/users\/1965"}],"replies":[{"embeddable":true,"href":"https:\/\/linitiative.ca\/International\/wp-json\/wp\/v2\/comments?post=67317"}],"version-history":[{"count":0,"href":"https:\/\/linitiative.ca\/International\/wp-json\/wp\/v2\/posts\/67317\/revisions"}],"wp:attachment":[{"href":"https:\/\/linitiative.ca\/International\/wp-json\/wp\/v2\/media?parent=67317"}],"wp:term":[{"taxonomy":"category","embeddable":true,"href":"https:\/\/linitiative.ca\/International\/wp-json\/wp\/v2\/categories?post=67317"},{"taxonomy":"post_tag","embeddable":true,"href":"https:\/\/linitiative.ca\/International\/wp-json\/wp\/v2\/tags?post=67317"}],"curies":[{"name":"wp","href":"https:\/\/api.w.org\/{rel}","templated":true}]}}