{"id":67319,"date":"2019-11-12T12:30:48","date_gmt":"2019-11-12T17:30:48","guid":{"rendered":"https:\/\/linitiative.ca\/International\/zone-cemac-les-comites-dorigine-fonctionnels-dici-fin-decembre\/"},"modified":"2019-11-12T12:30:48","modified_gmt":"2019-11-12T17:30:48","slug":"zone-cemac-les-comites-dorigine-fonctionnels-dici-fin-decembre","status":"publish","type":"post","link":"https:\/\/linitiative.ca\/International\/zone-cemac-les-comites-dorigine-fonctionnels-dici-fin-decembre\/","title":{"rendered":"Zone Cemac : les comit\u00e9s d\u2019origine fonctionnels d\u2019ici fin d\u00e9cembre"},"content":{"rendered":"<div class=\"featured-area featured-area-inner\"><img loading=\"lazy\" decoding=\"async\" width=\"686\" height=\"405\" src=\"https:\/\/i2.wp.com\/ecomatin.net\/wp-content\/uploads\/2019\/11\/Les-Chefs-dEtat-de-la-CEMAC.jpg?resize=686%2C405&#038;ssl=1\" class=\"attachment-jannah-image-post size-jannah-image-post wp-post-image\" alt=\"\" data-attachment-id=\"14298\" data-permalink=\"https:\/\/ecomatin.net\/zone-cemac-les-comites-dorigine-fonctionnels-dici-fin-decembre\/les-chefs-detat-de-la-cemac\/\" data-orig-file=\"https:\/\/i2.wp.com\/ecomatin.net\/wp-content\/uploads\/2019\/11\/Les-Chefs-dEtat-de-la-CEMAC.jpg?fit=686%2C437&#038;ssl=1\" data-orig-size=\"686,437\" data-comments-opened=\"0\" data-image-meta=\"{\"aperture\":\"0\",\"credit\":\"\",\"camera\":\"\",\"caption\":\"\",\"created_timestamp\":\"0\",\"copyright\":\"\",\"focal_length\":\"0\",\"iso\":\"0\",\"shutter_speed\":\"0\",\"title\":\"\",\"orientation\":\"1\"}\" data-image-title=\"Les-Chefs-dEtat-de-la-CEMAC\" data-image-description=\"\" data-medium-file=\"https:\/\/i2.wp.com\/ecomatin.net\/wp-content\/uploads\/2019\/11\/Les-Chefs-dEtat-de-la-CEMAC.jpg?fit=300%2C191&#038;ssl=1\" data-large-file=\"https:\/\/i2.wp.com\/ecomatin.net\/wp-content\/uploads\/2019\/11\/Les-Chefs-dEtat-de-la-CEMAC.jpg?fit=686%2C437&#038;ssl=1\"\/><\/div>\n<div class=\"entry-content entry clearfix\" readability=\"67.1207012812\">\n<p>Quelques mesures prioritaires en vue d\u2019une r\u00e9elle int\u00e9gration physique, commerciale et l\u2019acc\u00e9l\u00e9ration des r\u00e9formes structurelles, arr\u00eat\u00e9es lors de la r\u00e9cente session extraordinaire du Comit\u00e9 de pilotage (Copil) du Programme des r\u00e9formes \u00e9conomiques et financi\u00e8res de la Communaut\u00e9 \u00e9conomique des Etats de l\u2019Afrique centrale (<strong>Pref-Cemac<\/strong>) : \u00ab <em>mettre en place et faire fonctionner d\u2019ici \u00e0 la fin de l\u2019ann\u00e9e 2019, tous les comit\u00e9s nationaux de l\u2019origine afin que tous les produits d\u2019origine Cemac puissent \u00eatre identifi\u00e9s<\/em> \u00bb ;\u00a0\u00ab <em>lever, d\u2019ici \u00e0 d\u00e9cembre 2019, toutes les barri\u00e8res et entraves au commerce \u00e0 l\u2019int\u00e9rieur de la sous-r\u00e9gion<\/em> \u00bb ; et \u00ab <em>initier le processus de construction, d\u2019ici \u00e0 la fin de l\u2019ann\u00e9e 2020, des cinq postes-fronti\u00e8res identifi\u00e9s<\/em> \u00bb. Depuis quelques mois, la Commission de la Cemac que pr\u00e9side le Gabonais, <strong>Daniel Ona Ondo<\/strong> est \u00e0 pied d\u2019\u0153uvre pour l\u2019\u00e9laboration d\u2019un annuaire des produits d\u2019origine Cemac.<\/p>\n<hr\/>\n<h5>>> Lire aussi \u2013<a href=\"https:\/\/ecomatin.net\/la-cemac-table-sur-un-budget-de-8823-milliards-de-fcfa-en-2020\/\">La CEMAC table sur un budget de 88,23 milliards de FCFA en 2020<\/a><\/h5>\n<hr\/>\n<p>Dans le secteur des produits du cru, le Cameroun a d\u00e9j\u00e0 \u00e9t\u00e9 identifi\u00e9 comme un grand producteur potentiel de la viande bovine et de la volaille. Les chiffres officiels font d\u2019ailleurs \u00e9tat de ce que, sur la p\u00e9riode 2011-2016, la production de viande sur le territoire camerounais a progress\u00e9 de <strong>9,78%.<\/strong> Elle \u00e9tait ainsi pass\u00e9e de <strong>313 000 tonnes<\/strong> \u00e0 <strong>344 000 tonnes<\/strong>. Il est talonn\u00e9 dans le secteur bovin par le Tchad. La Guin\u00e9e Equatoriale, elle, est r\u00e9put\u00e9e dans la production du poisson, tandis que le Congo et le Cameroun (une fois encore) connaissent un boom spectaculaire dans le secteur de la cimenterie. Puissance \u00e9conomique naturelle de la sous-r\u00e9gion, le Cameroun est d\u00e9j\u00e0 \u00e9galement positionn\u00e9 dans le secteur des ol\u00e9agineux (savons et huiles v\u00e9g\u00e9tales), dont les produits sont livr\u00e9s non seulement dans l\u2019ensemble des pays de Communaut\u00e9 \u00e9conomique des Etats de l\u2019Afrique centrale (Ceac), mais \u00e9galement dans les deux Soudan. Seulement, il enregistre depuis quelques ann\u00e9es un d\u00e9ficit structurel de la production d\u2019huile de palme brute d\u2019environ <strong>160.000 tonnes<\/strong>.<\/p>\n<hr\/>\n<h5>>> Lire aussi \u2013<a href=\"https:\/\/ecomatin.net\/hausse-de-39-des-produits-de-base-exportes-en-zone-cemac\/\">Hausse de 3,9% des produits de base export\u00e9s en zone CEMAC<\/a><\/h5>\n<hr\/>\n<p>L\u2019une des urgences de la mise en place des comit\u00e9s nationaux de l\u2019origine au sein de\u00a0 la Cemac, voire de la Ceac, c\u2019est l\u2019existence depuis trois ans entre le Cameroun et l\u2019Union europ\u00e9enne, de l\u2019Accord de partenariat \u00e9conomique (Ape). L\u2019accord de libre-\u00e9change r\u00e9gional n\u2019ayant pas encore abouti, les autres pays de la communaut\u00e9 redoutent que le Cameroun qui importe les produits de toutes sortes de l\u2019Union europ\u00e9enne en franchise de douane, ne se mette \u00e0 inonder les autres march\u00e9s de la Cemac en y r\u00e9exportant les produits europ\u00e9ens.<\/p>\n<div class=\"awac-wrapper awac widget blog_subscription-2\">\n<h4 class=\"widget-title\">Abonnez-vous \u00e0 notre lettre d&rsquo;information<\/h4>\n<\/div>\n<\/div>\n<p>Auteur: Francky wilfried Onana<br \/>\n<a href=\"https:\/\/ecomatin.net\/zone-cemac-les-comites-dorigine-fonctionnels-dici-fin-decembre\/\">Cliquez ici pour lire l&rsquo;article depuis sa source.<\/a><\/p>\n","protected":false},"excerpt":{"rendered":"<p>Quelques mesures prioritaires en vue d\u2019une r\u00e9elle int\u00e9gration physique, commerciale et l\u2019acc\u00e9l\u00e9ration des r\u00e9formes structurelles, arr\u00eat\u00e9es lors de la r\u00e9cente session extraordinaire du Comit\u00e9 de pilotage (Copil) du Programme des r\u00e9formes \u00e9conomiques et financi\u00e8res de la Communaut\u00e9 \u00e9conomique des Etats de l\u2019Afrique centrale (Pref-Cemac) : \u00ab mettre en place et faire fonctionner d\u2019ici \u00e0 la [&hellip;]<\/p>\n","protected":false},"author":1969,"featured_media":0,"comment_status":"closed","ping_status":"closed","sticky":false,"template":"","format":"standard","meta":{"fifu_image_url":"","fifu_image_alt":"","footnotes":""},"categories":[82,78],"tags":[],"class_list":["post-67319","post","type-post","status-publish","format-standard","hentry","category-cameroun","category-economie"],"_links":{"self":[{"href":"https:\/\/linitiative.ca\/International\/wp-json\/wp\/v2\/posts\/67319","targetHints":{"allow":["GET"]}}],"collection":[{"href":"https:\/\/linitiative.ca\/International\/wp-json\/wp\/v2\/posts"}],"about":[{"href":"https:\/\/linitiative.ca\/International\/wp-json\/wp\/v2\/types\/post"}],"author":[{"embeddable":true,"href":"https:\/\/linitiative.ca\/International\/wp-json\/wp\/v2\/users\/1969"}],"replies":[{"embeddable":true,"href":"https:\/\/linitiative.ca\/International\/wp-json\/wp\/v2\/comments?post=67319"}],"version-history":[{"count":0,"href":"https:\/\/linitiative.ca\/International\/wp-json\/wp\/v2\/posts\/67319\/revisions"}],"wp:attachment":[{"href":"https:\/\/linitiative.ca\/International\/wp-json\/wp\/v2\/media?parent=67319"}],"wp:term":[{"taxonomy":"category","embeddable":true,"href":"https:\/\/linitiative.ca\/International\/wp-json\/wp\/v2\/categories?post=67319"},{"taxonomy":"post_tag","embeddable":true,"href":"https:\/\/linitiative.ca\/International\/wp-json\/wp\/v2\/tags?post=67319"}],"curies":[{"name":"wp","href":"https:\/\/api.w.org\/{rel}","templated":true}]}}