{"id":67322,"date":"2019-11-12T13:34:34","date_gmt":"2019-11-12T18:34:34","guid":{"rendered":"https:\/\/linitiative.ca\/International\/un-nouveau-cap-dans-la-modernisation-du-port-de-douala-bonaberi\/"},"modified":"2019-11-12T13:34:34","modified_gmt":"2019-11-12T18:34:34","slug":"un-nouveau-cap-dans-la-modernisation-du-port-de-douala-bonaberi","status":"publish","type":"post","link":"https:\/\/linitiative.ca\/International\/un-nouveau-cap-dans-la-modernisation-du-port-de-douala-bonaberi\/","title":{"rendered":"Un nouveau cap dans la modernisation du port de Douala-Bonab\u00e9ri"},"content":{"rendered":"<p>Le processus de modernisation du port de Douala-Bonab\u00e9ri, enclench\u00e9 par le top management du Port Autonome de Douala (<strong>PAD<\/strong>),\u00a0 est en bonne voie. Pour l\u2019heure, c\u2019est la gestion de l\u2019escale des navires qui sera bient\u00f4t d\u00e9mat\u00e9rialis\u00e9e. Selon la direction g\u00e9n\u00e9rale du PAD, d\u00e8s le 1<sup>er<\/sup> janvier 2020, toutes les proc\u00e9dures relatives \u00e0 l\u2019escale des navires au port de Douala-Bonab\u00e9ri, principale porte d\u2019entr\u00e9e des marchandises au Cameroun, se feront d\u00e9sormais en ligne via une plateforme web accessible \u00e0 partir du site <strong><a href=\"http:\/\/www.pad.cm\/site\/?lang=fr\">www.pad.cm<\/a>.<\/strong> <em>\u00ab\u2009La pr\u00e9sente mesure, dont le but est d\u2019optimiser le syst\u00e8me d\u2019information du port de Douala-Bonab\u00e9ri, fera en sorte que l\u2019annonce d\u2019escale ainsi que la conf\u00e9rence maritime seront dor\u00e9navant d\u00e9mat\u00e9rialis\u00e9es dans ladite plateforme et la prise en compte de toute demande d\u2019escale sera tributaire de l\u2019envoi pr\u00e9alable du manifeste aux formats \u00e9lectroniques XML et PDF<\/em>\u2009\u00bb, explique <strong>Cyrus Ngo\u2019o<\/strong>, directeur g\u00e9n\u00e9ral (DG) du PAD.<\/p>\n<hr\/>\n<h5>>> Lire aussi \u2013<a href=\"https:\/\/ecomatin.net\/dragage-du-port-de-douala-bonaberi-cyrus-ngoo-cree-une-regie-deleguee\/\">Dragage du Port de Douala Bonaberi : Cyrus Ngo\u2019o cr\u00e9\u00e9 une R\u00e9gie d\u00e9l\u00e9gu\u00e9e<\/a><\/h5>\n<hr\/>\n<p>Pour la mise en \u0153uvre de cette autre mesure, le DG indique que tous les agents maritimes sont invit\u00e9s \u00e0 prendre attache avec la direction des syst\u00e8mes d\u2019information du PAD ou le secr\u00e9taire g\u00e9n\u00e9ral de l\u2019Association de la communaut\u00e9 portuaire nationale-port synth\u00e8se, pour les diligences n\u00e9cessaires. Pour les navires non pilot\u00e9s, une \u00e9quipe du PAD sera plac\u00e9e dans les points de chute desdits navires afin de noter les heures d\u2019arriv\u00e9e et de d\u00e9part aux fins de facturation, pr\u00e9cise-t-on.<\/p>\n<p>Cette nouvelle mesure du top management du PAD, qui rentre dans le cadre du processus de modernisation de cette infrastructure portuaire, fait suite \u00e0 un certain nombre d\u2019autres initiatives allant dans le m\u00eame sens. C\u2019est le cas par exemple des actions entreprises en 2018 dans le cadre du plan strat\u00e9gique du PAD, visant la d\u00e9congestion du Port de Douala-Bonab\u00e9ri. Parmi ces actions, on peut citer, entre autres, le nettoyage\u00a0 des\u00a0 plans\u00a0 d\u2019eau\u00a0 du Wouri par l\u2019enl\u00e8vement des <strong>25 \u00e9paves<\/strong> de navires les plus dangereuses pour la navigation maritime d\u00e8s le mois de mai 2018. Il y a \u00e9galement le processus d\u2019autonomisation du dragage du port qui va se renforcer avec l\u2019acquisition, pr\u00e9vue\u00a0 depuis la\u00a0 fin\u00a0 de\u00a0 l\u2019ann\u00e9e 2018, d\u2019une\u00a0 drague\u00a0 aspiratrice\u00a0 pour l\u2019entretien permanent du chenal d\u2019acc\u00e8s, de m\u00eame que la modernisation de son balisage.<\/p>\n<hr\/>\n<h5>>> Lire aussi \u2013<a href=\"https:\/\/ecomatin.net\/transport-le-port-de-douala-receptionne-ses-nouvelles-dragues\/\">Modernisation : le port de Douala r\u00e9ceptionne ses nouvelles dragues<\/a><\/h5>\n<hr\/>\n<p>Il y a aussi les travaux\u00a0 de\u00a0 reconstruction\u00a0 du duc d\u2019Albe p\u00e9trolier. Ce d\u00e9barcad\u00e8re pour navires p\u00e9troliers\u00a0 \u00e9tait\u00a0 d\u00e9truit\u00a0 depuis une quinzaine d\u2019ann\u00e9es.\u00a0 Quant \u00e0 l\u2019enceinte portuaire, l\u2019on note aussi les travaux de construction de\u00a0 nouvelles\u00a0 voies\u00a0 pour\u00a0 une meilleure\u00a0 fluidit\u00e9\u00a0 \u00e0\u00a0 l\u2019int\u00e9rieur. L\u2019on n\u2019oublie pas la s\u00e9curisation\u00a0 de\u00a0 l\u2019espace\u00a0 portuaire par la construction d\u2019une infrastructure de protection de l\u2019emprise du domaine public portuaire qui va permettre\u00a0 l\u2019acc\u00e8s\u00a0 seulement\u00a0 \u00e0 ceux qui ont des activit\u00e9s prouv\u00e9es dans son enceinte.<\/p>\n<div class=\"awac-wrapper awac widget blog_subscription-2\">\n<h4 class=\"widget-title\">Abonnez-vous \u00e0 notre lettre d&rsquo;information<\/h4>\n<\/div>\n<p>Auteur: Francky wilfried Onana<br \/>\n<a href=\"https:\/\/ecomatin.net\/un-nouveau-cap-dans-la-modernisation-du-port-de-douala-bonaberi\/\">Cliquez ici pour lire l&rsquo;article depuis sa source.<\/a><\/p>\n","protected":false},"excerpt":{"rendered":"<p>Le processus de modernisation du port de Douala-Bonab\u00e9ri, enclench\u00e9 par le top management du Port Autonome de Douala (PAD),\u00a0 est en bonne voie. Pour l\u2019heure, c\u2019est la gestion de l\u2019escale des navires qui sera bient\u00f4t d\u00e9mat\u00e9rialis\u00e9e. Selon la direction g\u00e9n\u00e9rale du PAD, d\u00e8s le 1er janvier 2020, toutes les proc\u00e9dures relatives \u00e0 l\u2019escale des navires [&hellip;]<\/p>\n","protected":false},"author":1969,"featured_media":0,"comment_status":"closed","ping_status":"closed","sticky":false,"template":"","format":"standard","meta":{"fifu_image_url":"","fifu_image_alt":"","footnotes":""},"categories":[82,78],"tags":[],"class_list":["post-67322","post","type-post","status-publish","format-standard","hentry","category-cameroun","category-economie"],"_links":{"self":[{"href":"https:\/\/linitiative.ca\/International\/wp-json\/wp\/v2\/posts\/67322","targetHints":{"allow":["GET"]}}],"collection":[{"href":"https:\/\/linitiative.ca\/International\/wp-json\/wp\/v2\/posts"}],"about":[{"href":"https:\/\/linitiative.ca\/International\/wp-json\/wp\/v2\/types\/post"}],"author":[{"embeddable":true,"href":"https:\/\/linitiative.ca\/International\/wp-json\/wp\/v2\/users\/1969"}],"replies":[{"embeddable":true,"href":"https:\/\/linitiative.ca\/International\/wp-json\/wp\/v2\/comments?post=67322"}],"version-history":[{"count":0,"href":"https:\/\/linitiative.ca\/International\/wp-json\/wp\/v2\/posts\/67322\/revisions"}],"wp:attachment":[{"href":"https:\/\/linitiative.ca\/International\/wp-json\/wp\/v2\/media?parent=67322"}],"wp:term":[{"taxonomy":"category","embeddable":true,"href":"https:\/\/linitiative.ca\/International\/wp-json\/wp\/v2\/categories?post=67322"},{"taxonomy":"post_tag","embeddable":true,"href":"https:\/\/linitiative.ca\/International\/wp-json\/wp\/v2\/tags?post=67322"}],"curies":[{"name":"wp","href":"https:\/\/api.w.org\/{rel}","templated":true}]}}