{"id":67323,"date":"2019-11-13T06:41:27","date_gmt":"2019-11-13T11:41:27","guid":{"rendered":"https:\/\/linitiative.ca\/International\/aux-27emes-semaines-du-film-europeen-costa-gavras-partage-ses-adults-in-the-room-avec-les-marrakchis\/"},"modified":"2019-11-13T06:41:27","modified_gmt":"2019-11-13T11:41:27","slug":"aux-27emes-semaines-du-film-europeen-costa-gavras-partage-ses-adults-in-the-room-avec-les-marrakchis","status":"publish","type":"post","link":"https:\/\/linitiative.ca\/International\/aux-27emes-semaines-du-film-europeen-costa-gavras-partage-ses-adults-in-the-room-avec-les-marrakchis\/","title":{"rendered":"Aux 27\u00e8mes semaines du film europ\u00e9en : Costa-Gavras partage ses \u00abAdults  in the Room\u00bb avec les Marrakchis"},"content":{"rendered":"<p><img decoding=\"async\" class=\"post_layout_5_img\" src=\"http:\/\/aujourdhui.ma\/wp-content\/uploads\/2019\/11\/Film-Adults-in-the-Room.jpg?x29840\" alt=\"Aux 27\u00e8mes semaines du film europ\u00e9en : Costa-Gavras partage ses \u00abAdults in the Room\u00bb avec les Marrakchis\"\/><\/p>\n<p class=\"p1\"><span class=\"c4\"><strong><em>Le cin\u00e9aste franco-grec aura l\u2019occasion de discuter avec le public de son dernier opus, une adaptation du best-seller de Yanis Varoufakis sur la crise grecque.<\/em><\/strong><\/span><span id=\"more-323278\"\/><\/p>\n<p class=\"p1\"><span class=\"s1\">Le r\u00e9alisateur franco-grec, Costa-Gavras, pr\u00e9sentera son nouveau et dernier film \u00abAdults in the Room\u00bb, le 14 novembre au cin\u00e9ma Le Colis\u00e9e de Marrakech, lors des 27\u00e8mes Semaines du film europ\u00e9en. Au cours de cet \u00e9v\u00e9nement initi\u00e9 par l\u2019Union europ\u00e9enne au Maroc, le cin\u00e9aste, qualifi\u00e9 de \u00abgrand ma\u00eetre du cin\u00e9ma europ\u00e9en\u00bb, animera \u00e9galement, dans la m\u00eame salle de cin\u00e9ma, un d\u00e9bat avec le public. <em>\u00abInvit\u00e9 par l\u2019Union europ\u00e9enne au Maroc pour les Semaines du film europ\u00e9en, le cin\u00e9aste franco-grec aura l\u2019occasion de discuter avec le public de son dernier opus, une adaptation du best-seller de Yanis Varoufakis sur la crise grecque\u00bb,<\/em> pr\u00e9cisent les initiateurs. Selon la m\u00eame source, l\u2019auteur plonge, dans ce r\u00e9cit le public de mani\u00e8re captivante dans les coulisses du pouvoir. <em>\u00abAu sommet de son art, Costa Gavras livre une \u00e9tude au scalpel et une r\u00e9flexion profonde sur la crise\u00bb,<\/em> d\u00e9taillent les organisateurs qui indiquent qu\u2019<em>\u00abAdults in the Room\u00bb<\/em> a \u00e9t\u00e9 pr\u00e9sent\u00e9 cette ann\u00e9e au Festival de Cannes dans la cat\u00e9gorie hors comp\u00e9tition.<\/span><\/p>\n<p class=\"p1\"><span class=\"s1\">Apr\u00e8s projection en version originale sous-titr\u00e9e en fran\u00e7ais et d\u00e9bat au Colis\u00e9e, le cin\u00e9aste donnera, le 15 novembre dans la ville ocre, une master class aux \u00e9tudiants en cin\u00e9ma de l\u2019\u00e9cole sup\u00e9rieure des arts visuels et de l\u2019Universit\u00e9 Cadi Ayyad.<\/span><\/p>\n<p><a href=\"http:\/\/aujourdhui.ma\/wp-content\/uploads\/2019\/11\/Costa-Gavras-Semaines-du-film-europe%CC%81en.jpg?x29840\"><img loading=\"lazy\" decoding=\"async\" class=\"size-full wp-image-323187 aligncenter\" src=\"http:\/\/aujourdhui.ma\/wp-content\/uploads\/2019\/11\/Costa-Gavras-Semaines-du-film-europe%CC%81en.jpg?x29840\" alt=\"\" width=\"746\" height=\"380\" srcset=\"http:\/\/aujourdhui.ma\/wp-content\/uploads\/2019\/11\/Costa-Gavras-Semaines-du-film-europe\u0301en.jpg 746w, http:\/\/aujourdhui.ma\/wp-content\/uploads\/2019\/11\/Costa-Gavras-Semaines-du-film-europe\u0301en-300x153.jpg 300w\" sizes=\"auto, (max-width: 746px) 100vw, 746px\"\/><\/a><\/p>\n<p class=\"p1\"><span class=\"s1\">A propos du r\u00e9alisateur, la m\u00eame source indique qu\u2019il est n\u00e9 le 13 f\u00e9vrier 1933 en Gr\u00e8ce qu\u2019il quitte \u00e0 l\u2019\u00e2ge de 22 ans pour \u00e9tudier \u00e0 Paris en tant que migrant \u00e9conomique. Il int\u00e8gre alors l\u2019Universit\u00e9 de la Sorbonne avant d\u2019\u00eatre admis \u00e0 l\u2019Institut des hautes \u00e9tudes cin\u00e9matographiques (IDHEC). Son dipl\u00f4me en poche, il travaille en tant qu\u2019assistant r\u00e9alisateur aupr\u00e8s de grands r\u00e9alisateurs. En 1965, il r\u00e9alise son premier long-m\u00e9trage, Compartiment Tueurs. Ses films suivants remporteront un vif succ\u00e8s. \u00abZ\u00bb obtient deux Oscars en 1969, deux prix au Festival de Cannes et des douzaines d\u2019autres. \u00c0 travers ses films politiques, Costa-Gavras s\u2019est attaqu\u00e9 aux questions br\u00fblantes de l\u2019\u00e9poque en travaillant entre la France et les \u00c9tats-Unis. Il a r\u00e9alis\u00e9 20 films, dont Un homme de trop. \u00abSection Sp\u00e9ciale\u00bb, \u00abPort\u00e9 Disparu\u00bb (Palme d\u2019Or et Prix d\u2019interpr\u00e9tation masculine pour Jack Lemmon au Festival de Cannes 1982), \u00abHanna K\u00bb, \u00abLa Main droite du diable \u00bb, \u00abL\u2019Aveu\u00bb, \u00ab\u00c9tat de Si\u00e8ge\u00bb, \u00abClair de femme\u00bb, \u00abConseil de famille\u00bb, \u00abLa petite apocalypse\u00bb, \u00abMad City\u00bb, \u00abMusic Box\u00bb, \u00abAmen\u00bb, \u00abLe Couperet\u00bb, \u00abEden \u00e0 l\u2019Ouest\u00bb, \u00abLe capital\u00bb et bien d\u2019autres.<\/span><\/p>\n<p class=\"p1\"><span class=\"s1\">Apr\u00e8s Marrakech, \u00abAdults in the Room\u00bb sera<span class=\"Apple-converted-space\">\u00a0<\/span> projet\u00e9, lors de la 27\u00e8me \u00e9dition des Semaines du film europ\u00e9en, le 16 novembre au cin\u00e9ma Rif \u00e0 Casablanca, le 20 au cin\u00e9ma Rif \u00e0 Tanger et le 29 novembre au cin\u00e9ma Renaissance \u00e0 Rabat.<\/span><\/p>\n<p class=\"p1\"><span class=\"s1\">Pour rappel, les Semaines du film europ\u00e9en, qui se tiennent jusqu\u2019au 3 d\u00e9cembre \u00e0 Marrakech, Casablanca, Tanger et Rabat, sont initi\u00e9es par l\u2019UE au Maroc qui aspire \u00e0 faire d\u00e9couvrir au public marocain de grands succ\u00e8s europ\u00e9ens \u00e0 travers le regard de cin\u00e9astes de renom sur une Europe de diversit\u00e9. Elles sont organis\u00e9es depuis 1991 par l\u2019Union europ\u00e9enne au Maroc en collaboration avec les ambassades et instituts culturels des Etats membres de l\u2019UE, et en partenariat avec le Centre cin\u00e9matographique marocain, l\u2019Ecole sup\u00e9rieure des arts visuels de Marrakech, le cin\u00e9ma Le Colis\u00e9e (Marrakech), la Cin\u00e9math\u00e8que de Tanger, le cin\u00e9ma Rif (Casablanca) et le cin\u00e9ma Renaissance (Rabat).<\/span><\/p>\n<div class=\"base-box mom_box_sc_custom mom_box_sc clear c6\" readability=\"21\">\n<p class=\"p1\"><span class=\"c5\"><strong><span class=\"s1\"><em>Dates, lieux et heures \u00e0 retenir<\/em><\/span><\/strong><\/span><\/p>\n<p class=\"p1\"><span class=\"s1\"><strong>\u2022 Marrakech,<\/strong> jusqu\u2019au 18 novembre au cin\u00e9ma Le Colis\u00e9e\u00a0<\/span><span class=\"s2\"><span class=\"Apple-converted-space\">\u00a0<\/span> (s\u00e9ance \u00e0 19h)<\/span><\/p>\n<p class=\"p1\"><span class=\"s2\"><strong>\u2022 Casablanca,<\/strong> du 13 au 20 novembre au cin\u00e9ma Rif (s\u00e9ance \u00e0 20h)<\/span><\/p>\n<p class=\"p1\"><span class=\"s2\"><strong>\u2022 Tanger,<\/strong> du 17 au 24 novembre au cin\u00e9ma Rif (s\u00e9ance \u00e0 19h)<\/span><\/p>\n<p class=\"p1\"><span class=\"s2\"><strong>\u2022<span class=\"Apple-converted-space\">\u00a0<\/span> Rabat<\/strong>, du 26 novembre au 3 d\u00e9cembre au cin\u00e9ma Renaissance\u00a0<\/span> <span class=\"s2\">(deux s\u00e9ances par jour : 18h30 et 21h).<\/span><\/p>\n<\/div>\n<p>Auteur: ALM<br \/>\n<a href=\"http:\/\/aujourdhui.ma\/culture\/cinema\/aux-27emes-semaines-du-film-europeen-costa-gavras-partage-ses-adults-in-the-room-avec-les-marrakchis\">Cliquez ici pour lire l&rsquo;article depuis sa source.<\/a><\/p>\n","protected":false},"excerpt":{"rendered":"<p>Le cin\u00e9aste franco-grec aura l\u2019occasion de discuter avec le public de son dernier opus, une adaptation du best-seller de Yanis Varoufakis sur la crise grecque. Le r\u00e9alisateur franco-grec, Costa-Gavras, pr\u00e9sentera son nouveau et dernier film \u00abAdults in the Room\u00bb, le 14 novembre au cin\u00e9ma Le Colis\u00e9e de Marrakech, lors des 27\u00e8mes Semaines du film europ\u00e9en. [&hellip;]<\/p>\n","protected":false},"author":1759,"featured_media":0,"comment_status":"closed","ping_status":"closed","sticky":false,"template":"","format":"standard","meta":{"fifu_image_url":"","fifu_image_alt":"","footnotes":""},"categories":[73,54],"tags":[],"class_list":["post-67323","post","type-post","status-publish","format-standard","hentry","category-actualite","category-maroc"],"_links":{"self":[{"href":"https:\/\/linitiative.ca\/International\/wp-json\/wp\/v2\/posts\/67323","targetHints":{"allow":["GET"]}}],"collection":[{"href":"https:\/\/linitiative.ca\/International\/wp-json\/wp\/v2\/posts"}],"about":[{"href":"https:\/\/linitiative.ca\/International\/wp-json\/wp\/v2\/types\/post"}],"author":[{"embeddable":true,"href":"https:\/\/linitiative.ca\/International\/wp-json\/wp\/v2\/users\/1759"}],"replies":[{"embeddable":true,"href":"https:\/\/linitiative.ca\/International\/wp-json\/wp\/v2\/comments?post=67323"}],"version-history":[{"count":0,"href":"https:\/\/linitiative.ca\/International\/wp-json\/wp\/v2\/posts\/67323\/revisions"}],"wp:attachment":[{"href":"https:\/\/linitiative.ca\/International\/wp-json\/wp\/v2\/media?parent=67323"}],"wp:term":[{"taxonomy":"category","embeddable":true,"href":"https:\/\/linitiative.ca\/International\/wp-json\/wp\/v2\/categories?post=67323"},{"taxonomy":"post_tag","embeddable":true,"href":"https:\/\/linitiative.ca\/International\/wp-json\/wp\/v2\/tags?post=67323"}],"curies":[{"name":"wp","href":"https:\/\/api.w.org\/{rel}","templated":true}]}}