{"id":67324,"date":"2019-11-13T06:50:03","date_gmt":"2019-11-13T11:50:03","guid":{"rendered":"https:\/\/linitiative.ca\/International\/jamal-sellami-nouvel-entraineur-du-raja-de-casablanca\/"},"modified":"2019-11-13T06:50:03","modified_gmt":"2019-11-13T11:50:03","slug":"jamal-sellami-nouvel-entraineur-du-raja-de-casablanca","status":"publish","type":"post","link":"https:\/\/linitiative.ca\/International\/jamal-sellami-nouvel-entraineur-du-raja-de-casablanca\/","title":{"rendered":"Jamal Sellami nouvel entra\u00eeneur du Raja de Casablanca"},"content":{"rendered":"<header>\n<div class=\"entry-post-meta\">\n<div class=\"author-link\">Publi\u00e9 par <a itemprop=\"author\" itemscope=\"\" itemtype=\"https:\/\/schema.org\/Person\" href=\"http:\/\/aujourdhui.ma\/author\/kaid\" rel=\"author\"><span itemprop=\"name\">ALM<\/span><\/a><\/div>\n<p>Date\u00a0:<time content=\"2019-11-13T12:50:03+00:00\" class=\"entry-date updated\" datetime=\"2019-11-13T12:50:03+00:00\">novembre 13, 2019<\/time><\/p>\n<div class=\"entry-cat\">dans:<a href=\"http:\/\/aujourdhui.ma\/category\/sports\" rel=\"category tag\">Sports<\/a><\/div>\n<p>0 Vues<\/p>\n<\/div>\n<\/header>\n<div class=\"entry-content clearfix\" readability=\"63\"><img decoding=\"async\" class=\"post_layout_5_img\" src=\"http:\/\/aujourdhui.ma\/wp-content\/uploads\/2017\/02\/Jamal-Sellami.jpg?x29840\" alt=\"Jamal Sellami nouvel entra\u00eeneur du Raja de Casablanca\"\/><\/p>\n<p class=\"p1\"><span class=\"s1\"><span class=\"c4\"><strong>Le technicien national Jamal Sellami a \u00e9t\u00e9 nomm\u00e9 nouvel entra\u00eeneur du Raja de Casablanca en remplacement du Fran\u00e7ais Patrice Carteron, a annonc\u00e9 lundi le club de la m\u00e9tropole.<\/strong><\/span><\/span> <span id=\"more-323277\"\/><\/p>\n<p class=\"p1\"><span class=\"s1\">Sellami, ancienne gloire du Raja, sera assist\u00e9 par Youssef Safri, un autre enfant du club, qui retrouve ainsi ses fonctions d\u2019entra\u00eeneur-adjoint, a indiqu\u00e9 la m\u00eame source dans un communiqu\u00e9, notant que le contrat du nouveau staff technique court jusqu\u2019en 2021, sans plus de d\u00e9tails. Le Raja de Casablanca, l\u2019une des valeurs s\u00fbres du football national, s\u2019est s\u00e9par\u00e9 \u00e0 l\u2019amiable avec Carteron, nomm\u00e9 en janvier dernier pour succ\u00e9der \u00e0 l\u2019Espagnol Juan Carlos Garrido.<\/span><\/p>\n<p class=\"p1\"><span class=\"s1\">La premi\u00e8re d\u00e9faite en championnat, samedi dernier, sur le terrain du Youssoufia de Berrechid (3-2), a pr\u00e9cipit\u00e9 le d\u00e9part de Carteron, sur la sellette depuis l\u2019\u00e9limination surprise (2-3) en seizi\u00e8mes de finale de la Coupe du Tr\u00f4ne face \u00e0 la Renaissance Zemamra le 31 ao\u00fbt dernier.<\/span><\/p>\n<p class=\"p1\"><span class=\"s1\">Le technicien fran\u00e7ais a conduit le Raja \u00e0 un succ\u00e8s retentissant (2-1) en Supercoupe d\u2019Afrique de la saison 2018 aux d\u00e9pens de l\u2019Esp\u00e9rance de Tunis, dans un match disput\u00e9 en mars dernier \u00e0 Doha. Il a aussi permis aux Verts de retrouver la Champions League en terminant vice-champion de la saison pass\u00e9e.<\/span><\/p>\n<\/div>\n<p>Auteur: ALM<br \/>\n<a href=\"http:\/\/aujourdhui.ma\/sports\/jamal-sellami-nouvel-entraineur-du-raja-de-casablanca\">Cliquez ici pour lire l&rsquo;article depuis sa source.<\/a><\/p>\n","protected":false},"excerpt":{"rendered":"<p>Publi\u00e9 par ALM Date\u00a0:novembre 13, 2019 dans:Sports 0 Vues Le technicien national Jamal Sellami a \u00e9t\u00e9 nomm\u00e9 nouvel entra\u00eeneur du Raja de Casablanca en remplacement du Fran\u00e7ais Patrice Carteron, a annonc\u00e9 lundi le club de la m\u00e9tropole. Sellami, ancienne gloire du Raja, sera assist\u00e9 par Youssef Safri, un autre enfant du club, qui retrouve ainsi [&hellip;]<\/p>\n","protected":false},"author":1759,"featured_media":0,"comment_status":"closed","ping_status":"closed","sticky":false,"template":"","format":"standard","meta":{"fifu_image_url":"","fifu_image_alt":"","footnotes":""},"categories":[73,54],"tags":[],"class_list":["post-67324","post","type-post","status-publish","format-standard","hentry","category-actualite","category-maroc"],"_links":{"self":[{"href":"https:\/\/linitiative.ca\/International\/wp-json\/wp\/v2\/posts\/67324","targetHints":{"allow":["GET"]}}],"collection":[{"href":"https:\/\/linitiative.ca\/International\/wp-json\/wp\/v2\/posts"}],"about":[{"href":"https:\/\/linitiative.ca\/International\/wp-json\/wp\/v2\/types\/post"}],"author":[{"embeddable":true,"href":"https:\/\/linitiative.ca\/International\/wp-json\/wp\/v2\/users\/1759"}],"replies":[{"embeddable":true,"href":"https:\/\/linitiative.ca\/International\/wp-json\/wp\/v2\/comments?post=67324"}],"version-history":[{"count":0,"href":"https:\/\/linitiative.ca\/International\/wp-json\/wp\/v2\/posts\/67324\/revisions"}],"wp:attachment":[{"href":"https:\/\/linitiative.ca\/International\/wp-json\/wp\/v2\/media?parent=67324"}],"wp:term":[{"taxonomy":"category","embeddable":true,"href":"https:\/\/linitiative.ca\/International\/wp-json\/wp\/v2\/categories?post=67324"},{"taxonomy":"post_tag","embeddable":true,"href":"https:\/\/linitiative.ca\/International\/wp-json\/wp\/v2\/tags?post=67324"}],"curies":[{"name":"wp","href":"https:\/\/api.w.org\/{rel}","templated":true}]}}