{"id":67326,"date":"2019-11-13T08:30:58","date_gmt":"2019-11-13T13:30:58","guid":{"rendered":"https:\/\/linitiative.ca\/International\/formation-professionnelle-369-millions-dh-pour-la-cite-des-metiers-et-des-competences-de-laayoune\/"},"modified":"2019-11-13T08:30:58","modified_gmt":"2019-11-13T13:30:58","slug":"formation-professionnelle-369-millions-dh-pour-la-cite-des-metiers-et-des-competences-de-laayoune","status":"publish","type":"post","link":"https:\/\/linitiative.ca\/International\/formation-professionnelle-369-millions-dh-pour-la-cite-des-metiers-et-des-competences-de-laayoune\/","title":{"rendered":"Formation professionnelle: 3,69 millions DH pour la Cit\u00e9 des m\u00e9tiers  et des comp\u00e9tences de La\u00e2youne"},"content":{"rendered":"<p><img decoding=\"async\" class=\"post_layout_5_img\" src=\"http:\/\/aujourdhui.ma\/wp-content\/uploads\/2018\/03\/stagiaires-classe-Ofppt.jpg?x29840\" alt=\"Formation professionnelle: 3,69 millions DH pour la Cit\u00e9 des m\u00e9tiers et des comp\u00e9tences de La\u00e2youne\"\/><\/p>\n<p class=\"p1\"><span class=\"c4\"><strong><span class=\"s1\"><em>L\u2019offre de formation,\u00a0<\/em><\/span><span class=\"s1\"><em>qui sera dispens\u00e9e dans cette cit\u00e9 faisant partie des 12 CMC qui seront install\u00e9es progressivement chacune dans une r\u00e9gion du Royaume, s\u2019articulera autour de 6 p\u00f4les d\u2019activit\u00e9s \u00e9conomiques porteurs d\u2019opportunit\u00e9s d\u2019emploi et accueillera 2.000 stagiaires.<\/em><\/span><\/strong><\/span><span id=\"more-323265\"\/><\/p>\n<p class=\"p1\"><span class=\"s1\">L\u2019OFPPT vient de lancer l\u2019appel d\u2019offres pour la r\u00e9alisation des \u00e9tudes techniques et le suivi des travaux de construction de la Cit\u00e9 des m\u00e9tiers et des comp\u00e9tences de La\u00e2youne (CMC).<span class=\"Apple-converted-space\">\u00a0<\/span> L\u2019adjudicataire de ce projet dont le co\u00fbt est estim\u00e9 \u00e0 3,69 millions DH sera connu le 3 d\u00e9cembre prochain alors que les travaux devront durer 16 mois.<\/span><\/p>\n<p class=\"p1\"><span class=\"s1\">L\u2019offre de formation, qui sera dispens\u00e9e dans cette cit\u00e9 faisant partie des 12 CMC qui seront install\u00e9es progressivement chacune dans une r\u00e9gion du Royaume, s\u2019articulera autour de 6 p\u00f4les d\u2019activit\u00e9s \u00e9conomiques porteurs d\u2019opportunit\u00e9s d\u2019emploi et accueillera 2.000 stagiaires. Ces p\u00f4les concernent les p\u00eaches maritimes, le transport et logistique, le num\u00e9rique et l\u2019offshoring, outre les m\u00e9tiers de la sant\u00e9, l\u2019artisanat, la gestion et le management.<\/span><\/p>\n<p class=\"p1\"><span class=\"s1\">La construction de la future CMC rentre dans le cadre du chantier national lanc\u00e9 par SM le Roi Mohammed VI et qui vise l\u2019am\u00e9lioration de la qualit\u00e9 de la formation professionnelle \u00e0 travers la mise \u00e0 niveau des centres de formation et la restructuration des fili\u00e8res en fonction de leur pertinence sur le march\u00e9 de l\u2019emploi, \u00e0 travers la cr\u00e9ation d\u2019une nouvelle g\u00e9n\u00e9ration d\u2019instituts de formation professionnelle, ayant la forme de Cit\u00e9s de m\u00e9tiers et de comp\u00e9tences, tout en modernisant des cursus p\u00e9dagogiques.<\/span><\/p>\n<p class=\"p1\"><span class=\"s1\">Ainsi, celle de La\u00e2youne sera implant\u00e9e au sein d\u2019\u00e9cosyst\u00e8mes au niveau r\u00e9gional, dans la logique d\u2019une v\u00e9ritable proximit\u00e9 avec le monde professionnel. Elle pourra accueillir et d\u00e9velopper l\u2019ensemble des programmes destin\u00e9s aux jeunes travaillant dans le secteur informel, visant \u00e0 renforcer leurs comp\u00e9tences techniques et transversales, notamment en langues, afin de leur permettre d\u2019int\u00e9grer le secteur formel dans des conditions satisfaisantes. Notons que l\u2019offre de formation professionnelle dans la r\u00e9gion de La\u00e2youne-Sakia El Hamra a \u00e9t\u00e9 renforc\u00e9e r\u00e9cemment avec l\u2019inauguration d\u2019un nouvel Institut sp\u00e9cialis\u00e9 de technologie appliqu\u00e9e (ISTA) dans la cit\u00e9 Al-Wahda \u00e0 La\u00e2youne, \u00e0 l\u2019occasion de la c\u00e9l\u00e9bration du 44\u00e8me anniversaire de la Marche Verte.<\/span><\/p>\n<p class=\"p1\"><span class=\"s1\">Cet institut multidisciplinaire, qui s\u2019\u00e9tend sur une superficie totale de 3.000 m<sup>2<\/sup>, offre 1.100 places p\u00e9dagogiques dans diff\u00e9rents m\u00e9tiers, dont l\u2019industrie, le b\u00e2timent et travaux publics, l\u2019\u00e9ducation \u00e0 la petite enfance, l\u2019\u00e9lectrom\u00e9canique, la topographie, l\u2019automobile, pr\u00e9sentant ainsi un portefeuille diversifi\u00e9 de plus d\u2019une dizaine de fili\u00e8res.<\/span><\/p>\n<p class=\"p1\"><span class=\"s1\">L\u2019inauguration de l\u2019ISTA Al-Wahda a \u00e9t\u00e9 marqu\u00e9e par la pr\u00e9sence de Sa\u00efd Amzazi, ministre de l\u2019\u00e9ducation nationale, de la formation professionnelle, de l\u2019enseignement sup\u00e9rieur et de la recherche scientifique, et Loubna Tricha, directrice g\u00e9n\u00e9rale de l\u2019OFPPT, Abdeslam Bekrate, wali de la r\u00e9gion La\u00e2youne -Sakia El Hamra, et Sidi Hamdi Ould Errachid, pr\u00e9sident du conseil r\u00e9gional.<\/span><\/p>\n<p>Auteur: Mohamed Laabid<br \/>\n<a href=\"http:\/\/aujourdhui.ma\/emploi\/formation\/formation-professionnelle-369-millions-dh-pour-la-cite-des-metiers-et-des-competences-de-laayoune\">Cliquez ici pour lire l&rsquo;article depuis sa source.<\/a><\/p>\n","protected":false},"excerpt":{"rendered":"<p>L\u2019offre de formation,\u00a0qui sera dispens\u00e9e dans cette cit\u00e9 faisant partie des 12 CMC qui seront install\u00e9es progressivement chacune dans une r\u00e9gion du Royaume, s\u2019articulera autour de 6 p\u00f4les d\u2019activit\u00e9s \u00e9conomiques porteurs d\u2019opportunit\u00e9s d\u2019emploi et accueillera 2.000 stagiaires. L\u2019OFPPT vient de lancer l\u2019appel d\u2019offres pour la r\u00e9alisation des \u00e9tudes techniques et le suivi des travaux de [&hellip;]<\/p>\n","protected":false},"author":1759,"featured_media":0,"comment_status":"closed","ping_status":"closed","sticky":false,"template":"","format":"standard","meta":{"fifu_image_url":"","fifu_image_alt":"","footnotes":""},"categories":[73,54],"tags":[],"class_list":["post-67326","post","type-post","status-publish","format-standard","hentry","category-actualite","category-maroc"],"_links":{"self":[{"href":"https:\/\/linitiative.ca\/International\/wp-json\/wp\/v2\/posts\/67326","targetHints":{"allow":["GET"]}}],"collection":[{"href":"https:\/\/linitiative.ca\/International\/wp-json\/wp\/v2\/posts"}],"about":[{"href":"https:\/\/linitiative.ca\/International\/wp-json\/wp\/v2\/types\/post"}],"author":[{"embeddable":true,"href":"https:\/\/linitiative.ca\/International\/wp-json\/wp\/v2\/users\/1759"}],"replies":[{"embeddable":true,"href":"https:\/\/linitiative.ca\/International\/wp-json\/wp\/v2\/comments?post=67326"}],"version-history":[{"count":0,"href":"https:\/\/linitiative.ca\/International\/wp-json\/wp\/v2\/posts\/67326\/revisions"}],"wp:attachment":[{"href":"https:\/\/linitiative.ca\/International\/wp-json\/wp\/v2\/media?parent=67326"}],"wp:term":[{"taxonomy":"category","embeddable":true,"href":"https:\/\/linitiative.ca\/International\/wp-json\/wp\/v2\/categories?post=67326"},{"taxonomy":"post_tag","embeddable":true,"href":"https:\/\/linitiative.ca\/International\/wp-json\/wp\/v2\/tags?post=67326"}],"curies":[{"name":"wp","href":"https:\/\/api.w.org\/{rel}","templated":true}]}}