{"id":67327,"date":"2019-11-13T09:15:49","date_gmt":"2019-11-13T14:15:49","guid":{"rendered":"https:\/\/linitiative.ca\/International\/abdellah-karroum-les-grands-fondateurs-de-lart-moderne-au-maroc-en-vedettes-a-doha\/"},"modified":"2019-11-13T09:15:49","modified_gmt":"2019-11-13T14:15:49","slug":"abdellah-karroum-les-grands-fondateurs-de-lart-moderne-au-maroc-en-vedettes-a-doha","status":"publish","type":"post","link":"https:\/\/linitiative.ca\/International\/abdellah-karroum-les-grands-fondateurs-de-lart-moderne-au-maroc-en-vedettes-a-doha\/","title":{"rendered":"Abdellah Karroum : \u00abLes grands fondateurs de l\u2019art moderne  au Maroc en vedettes  \u00e0 Doha\u00bb"},"content":{"rendered":"<p><img decoding=\"async\" class=\"post_layout_5_img\" src=\"http:\/\/aujourdhui.ma\/wp-content\/uploads\/2019\/11\/abdellah-karroum.jpg?x29840\" alt=\"Abdellah Karroum : \u00abLes grands fondateurs de l\u2019art moderne au Maroc en vedettes \u00e0 Doha\u00bb\"\/><\/p>\n<p class=\"p1\"><span class=\"c4\"><strong>Entretien\u00a0avec Abdellah\u00a0Karroum,\u00a0<span class=\"s1\">Directeur du Mus\u00e9e arabe d\u2019art moderne (Mathaf)\u00a0<\/span><span class=\"s1\">de Qatar<\/span><\/strong><\/span> <span id=\"more-323269\"\/><\/p>\n<div class=\"base-box mom_box_sc_custom mom_box_sc clear c5\" readability=\"9\">\n<p><strong><em>Le mus\u00e9e accueillera en mars 2020 une exposition temporaire individuelle de l\u2019artiste marocaine Yto Berrada. L\u2019exposition se d\u00e9roulera durant quatre mois et investira presque la moiti\u00e9 du mus\u00e9e.<\/em><\/strong><\/p>\n<\/div>\n<p class=\"p1\"><span class=\"s1\"><strong>ALM : Le Mus\u00e9e \u00abMathaf\u00bb accueille une exposition permanente r\u00e9unissant une collection marocaine. Pouvez-vous nous en parler plus en d\u00e9tail ?<\/strong><\/span><\/p>\n<p class=\"p1\"><span class=\"s1\"><strong>Abdellah Karroum :<\/strong> L\u2019exposition permanente pr\u00e9sente entre autres une collection d\u2019\u0153uvres d\u2019art marocaines. Elle rassemble presque les grands fondateurs de l\u2019art moderne au Maroc. Je cite Farid Belkahia, Mohamed Melehi, Chaabia Talal, Jilali Gharbaoui, Fatima Hassan, Younes Rahmoun, Mounir Fatmi, Miloud Lebyed, Mohamed Drissi, Safaa Urruas et d\u2019autres. Par exemple, on a plus de cent \u0153uvres pour Belkahia, une quarantaine pour Melehi, une dizaine pour Miloud Lebyed, cinq ou six pour Chaabia et une cinquantaine pour Cherkaoui.<span class=\"Apple-converted-space\">\u00a0<\/span> La collection r\u00e9unit des \u0153uvres d\u2019art, d\u2019une centaine d\u2019artistes marocains, produites au Maroc ou \u00e0 l\u2019\u00e9tranger. En effet, la collection r\u00e9unit non seulement des artistes marocains mais aussi des artistes issus d\u2019Asie, d\u2019Afrique du nord, de l\u2019Inde et autres. Elle a \u00e9t\u00e9 constitu\u00e9e, il y a une quarantaine d\u2019ann\u00e9es, d\u2019abord par l\u2019initiative priv\u00e9e de Cheikh Hassan El Mohamed et apr\u00e8s elle a \u00e9t\u00e9 mise sous tutelle de Qatar Fondation pour g\u00e9rer la collection. Depuis 2008 elle a \u00e9t\u00e9 mise sous la gestion de Qatar Museums.<\/span><\/p>\n<p class=\"p1\"><span class=\"s1\"><strong>Actuellement le mus\u00e9e accueille \u00e9galement \u00abTriumphant Scale\u00bb, une exposition temporaire de l\u2019artiste international El Anatsui. Qu\u2019est-ce qui distingue cette exposition ?<\/strong><\/span><\/p>\n<p class=\"p1\"><span class=\"s1\">El Anatsui est un artiste majeur. Il expose dans le monde entier. Son exposition \u00abTriumphant Scale\u00bb au mus\u00e9e regroupe des \u0153uvres cl\u00e9s issues de cinq d\u00e9cennies de carri\u00e8re de l\u2019artiste. Au c\u0153ur de cette exposition, qui se concentre sur le caract\u00e8re triomphant et monumental de l\u2019\u0153uvre novatrice d\u2019El Anatsui, se trouvent les \u0153uvres de capsules de bouteilles des deux derni\u00e8res d\u00e9cennies, avec leur pr\u00e9sence majestueuse et imposante et leurs couleurs \u00e9clatantes. L\u2019exposition pr\u00e9sente \u00e9galement des sculptures sur bois et des reliefs muraux moins connus du milieu des ann\u00e9es 1980 \u00e0 la fin des ann\u00e9es 1990, des sculptures en c\u00e9ramique des ann\u00e9es 1970, ainsi que des dessins, des estampes et des carnets de croquis. Fascin\u00e9 par l\u2019architecture monumentale du mus\u00e9e, El Anatsui a cr\u00e9\u00e9 trois \u0153uvres sp\u00e9cialement pour cette exposition, parmi lesquelles \u00abL\u2019installation\u00bb. L\u2019\u00e9v\u00e8nement a pour ambition de souligner l\u2019apport d\u2019El Anatsui \u00e0 l\u2019art contemporain en mettant en lumi\u00e8re son langage visuel compl\u00e8tement nouveau.<\/span><\/p>\n<p class=\"p1\"><span class=\"s1\"><strong>Quelles seront les prochaines expositions pr\u00e9vues au Mathaf ?<\/strong><\/span><\/p>\n<p class=\"p1\"><span class=\"s1\">Le mus\u00e9e accueillera en mars 2020 une exposition temporaire individuelle de l\u2019artiste marocaine Yto Berrada. L\u2019exposition se d\u00e9roulera durant quatre mois et investira presque la moiti\u00e9 du mus\u00e9e. En 2020, il y aura aussi une exposition du Franco-alg\u00e9rien Kader Attia. Il est actuellement l\u2019un des artistes fran\u00e7ais les plus reconnus sur la sc\u00e8ne nationale et internationale<\/span><\/p>\n<p class=\"p1\"><span class=\"s1\"><strong>Est-ce qu\u2019il y a des \u00e9changes avec la Fondation nationale des mus\u00e9es au Maroc et quelles seront vos prochaines collaborations ?<\/strong><\/span><\/p>\n<p class=\"p1\"><span class=\"s1\">On a beaucoup de collaborations avec la Fondation nationale des mus\u00e9es. D\u2019ailleurs, on lui avait pr\u00eat\u00e9 presque 14 \u0153uvres de Cherkaoui pour l\u2019exposition qui lui a \u00e9t\u00e9 consacr\u00e9e. On leur pr\u00eate des \u0153uvres pour les diff\u00e9rentes expositions qu\u2019ils organisent. On a \u00e9galement des \u00e9changes avec le Mus\u00e9e d\u2019art contemporain de Rabat.<\/span><\/p>\n<p class=\"p1\"><span class=\"s1\"><strong>Vous \u00eates directeur du \u00abMathaf\u00bb, chercheur, critique d\u2019art et curateur, comment r\u00e9conciliez-vous entre toutes ces fonctions ?<\/strong><\/span><\/p>\n<p class=\"p1\"><span class=\"s1\">Je suis ici depuis 2013 \u00e0 la t\u00eate de la direction du Mathaf. Je suis dans mon \u00e9l\u00e9ment. Je g\u00e8re les programmes, les collections et le mus\u00e9e et cela repr\u00e9sente pour moi une grande responsabilit\u00e9. Tout cela est en coh\u00e9rence avec mes recherches et mon int\u00e9r\u00eat li\u00e9 \u00e0 l\u2019art moderne et contemporain. Et m\u00eame temps, la production des formes \u00e9mergentes de l\u2019art au Maroc et ici au Qatar m\u2019int\u00e9resse beaucoup. Je peux dire que je suis l\u00e0-dedans comme un poisson dans l\u2019eau.<\/span><\/p>\n<p class=\"p1\"><span class=\"s1\"><strong>Quel est l\u2019objectif et la mission de ce mus\u00e9e ?<\/strong><\/span><\/p>\n<p class=\"p1\"><span class=\"s1\">Le mus\u00e9e repr\u00e9sente non seulement l\u2019art contemporain moderne mais aussi des programmes \u00e9ducatifs et des recherches. Et qui dit recherches, dit identification des manques dans la collection. Le Mathaf est tr\u00e8s actif dont l\u2019achat d\u2019\u0153uvres qui manqueraient dans la collection mais aussi bien dans la production des recherches et la publication des livres. Le mus\u00e9e a pour objectif de mettre en lumi\u00e8re l\u2019art moderne et contemporain au Moyen-Orient, en Afrique du nord, en Inde ou autres.<\/span><\/p>\n<p>Auteur: Siham Jadraoui<br \/>\n<a href=\"http:\/\/aujourdhui.ma\/culture\/abdellah-karroum-les-grands-fondateurs-de-lart-moderne-au-maroc-en-vedettes-a-doha\">Cliquez ici pour lire l&rsquo;article depuis sa source.<\/a><\/p>\n","protected":false},"excerpt":{"rendered":"<p>Entretien\u00a0avec Abdellah\u00a0Karroum,\u00a0Directeur du Mus\u00e9e arabe d\u2019art moderne (Mathaf)\u00a0de Qatar Le mus\u00e9e accueillera en mars 2020 une exposition temporaire individuelle de l\u2019artiste marocaine Yto Berrada. L\u2019exposition se d\u00e9roulera durant quatre mois et investira presque la moiti\u00e9 du mus\u00e9e. ALM : Le Mus\u00e9e \u00abMathaf\u00bb accueille une exposition permanente r\u00e9unissant une collection marocaine. Pouvez-vous nous en parler plus [&hellip;]<\/p>\n","protected":false},"author":1759,"featured_media":0,"comment_status":"closed","ping_status":"closed","sticky":false,"template":"","format":"standard","meta":{"fifu_image_url":"","fifu_image_alt":"","footnotes":""},"categories":[73,54],"tags":[],"class_list":["post-67327","post","type-post","status-publish","format-standard","hentry","category-actualite","category-maroc"],"_links":{"self":[{"href":"https:\/\/linitiative.ca\/International\/wp-json\/wp\/v2\/posts\/67327","targetHints":{"allow":["GET"]}}],"collection":[{"href":"https:\/\/linitiative.ca\/International\/wp-json\/wp\/v2\/posts"}],"about":[{"href":"https:\/\/linitiative.ca\/International\/wp-json\/wp\/v2\/types\/post"}],"author":[{"embeddable":true,"href":"https:\/\/linitiative.ca\/International\/wp-json\/wp\/v2\/users\/1759"}],"replies":[{"embeddable":true,"href":"https:\/\/linitiative.ca\/International\/wp-json\/wp\/v2\/comments?post=67327"}],"version-history":[{"count":0,"href":"https:\/\/linitiative.ca\/International\/wp-json\/wp\/v2\/posts\/67327\/revisions"}],"wp:attachment":[{"href":"https:\/\/linitiative.ca\/International\/wp-json\/wp\/v2\/media?parent=67327"}],"wp:term":[{"taxonomy":"category","embeddable":true,"href":"https:\/\/linitiative.ca\/International\/wp-json\/wp\/v2\/categories?post=67327"},{"taxonomy":"post_tag","embeddable":true,"href":"https:\/\/linitiative.ca\/International\/wp-json\/wp\/v2\/tags?post=67327"}],"curies":[{"name":"wp","href":"https:\/\/api.w.org\/{rel}","templated":true}]}}