{"id":67328,"date":"2019-11-13T06:46:48","date_gmt":"2019-11-13T11:46:48","guid":{"rendered":"https:\/\/linitiative.ca\/International\/le-raja-et-le-wydad-sinclinent\/"},"modified":"2019-11-13T06:46:48","modified_gmt":"2019-11-13T11:46:48","slug":"le-raja-et-le-wydad-sinclinent","status":"publish","type":"post","link":"https:\/\/linitiative.ca\/International\/le-raja-et-le-wydad-sinclinent\/","title":{"rendered":"Le Raja et le Wydad s\u2019inclinent"},"content":{"rendered":"<p class=\"has-text-color has-vivid-cyan-blue-color\"><strong>Les trois matches de la mise \u00e0 jour du championnat national de football en premi\u00e8re division, Botola Pro, disput\u00e9 le week-end \u00e9coul\u00e9, ont \u00e9t\u00e9 marqu\u00e9s par les faux pas du Raja et du Wydad de Casablanca qui ont encaiss\u00e9 leur premi\u00e8re d\u00e9faite de la saison.<\/strong><\/p>\n<p>Pour le compte d\u2019un match report\u00e9 de la 3<sup>e<\/sup> journ\u00e9e, le Raja a \u00e9t\u00e9 surpris par le Youssoufia de Berrechid qui s\u2019est impos\u00e9 \u00e0 domicile dans son stade municipal par (3-2), samedi dernier.<\/p>\n<p>Les r\u00e9alisations du Youssoufia ont \u00e9t\u00e9 l\u2019\u0153uvre de Youssef China (32\u00e8), Karim El Hachemi (34\u00e8) et Abdessamad Niani (93\u00e8), tandis que Soufiane Rahimi (28\u00e8, 58\u00e8) a inscrit un doubl\u00e9 pour le compte du club de Casablanca.<\/p>\n<p>Au terme de cette rencontre, le Youssoufia qui vient de r\u00e9aliser sa premi\u00e8re victoire de la saison contre trois d\u00e9faites et un nul en 5 matches se hisse \u00e0 la 12<sup>e<\/sup> position du classement avec 4 points.<\/p>\n<p>Le Raja, lui, stagne \u00e0 la quatri\u00e8me position avec 7 points en 4 matches tout en comptant 2 autres \u00e0 disputer prochainement.<\/p>\n<p>Cette d\u00e9faite apr\u00e8s celle surprenante en Coupe du Tr\u00f4ne face \u00e0 l\u2019\u00e9quipe de Zemamra sur le m\u00eame score de (3-2), a pr\u00e9cipit\u00e9 le limogeage de l\u2019entraineur fran\u00e7ais, Patric Carteron, qui venait d\u2019\u00eatre remplac\u00e9 par Jamal Sellami et son adjoint Youssef Sefri.<\/p>\n<p>Pour sa part, le Wydad a connu le m\u00eame sort en s\u2019est inclinant \u00e0 domicile (0-1) face \u00e0 la Renaissance de Berkane, dans un match report\u00e9 de la 5e journ\u00e9e et disput\u00e9 dimanche au complexe sportif Mohammed V.<\/p>\n<p>L\u2019unique but de la rencontre a \u00e9t\u00e9 inscrit \u00e0 la 42\u00e8 minute par le Burkinab\u00e9 Issoufou Dayo qui offre aux siens les trois points de cette victoire arrach\u00e9e loin de leur base.<\/p>\n<p>Gr\u00e2ce \u00e0 cette victoire, la RSB se hisse \u00e0 la 2<sup>e<\/sup> place avec 10 points en compagnie du WAC qui a ainsi rat\u00e9 l\u2019occasion de s\u2019emparer de la place du leader.<\/p>\n<p>Le 3<sup>e<\/sup> match de la mise \u00e0 jour programm\u00e9e pendant le week-end, a vu l\u2019Olympic club de Safi s\u2019imposer \u00e0 domicile face au Raja de B\u00e9ni-Mellal, en match report\u00e9 de 3<sup>e<\/sup> journ\u00e9e \u00e9galement.<\/p>\n<p>L\u2019unique but de la rencontre a \u00e9t\u00e9 l\u2019\u0153uvre de Walid Sabbar \u00e0 la 46\u00e8 minute du jeu offrant les trois points de la victoire au club safiot. L\u2019OCS qui compte un autre match en retard, se hisse provisoirement \u00e0 la 3<sup>e<\/sup> place avec 8 points tandis que le RBM lanterne rouge avec un seul point au compteur.<\/p>\n<p class=\"c2\"><strong>Rochdi Ben M\u2019hammed<\/strong><\/p>\n<p>Auteur: M&rsquo;hammed rahal<br \/>\n<a href=\"http:\/\/albayane.press.ma\/le-raja-et-le-wydad-sinclinent.html\">Cliquez ici pour lire l&rsquo;article depuis sa source.<\/a><\/p>\n","protected":false},"excerpt":{"rendered":"<p>Les trois matches de la mise \u00e0 jour du championnat national de football en premi\u00e8re division, Botola Pro, disput\u00e9 le week-end \u00e9coul\u00e9, ont \u00e9t\u00e9 marqu\u00e9s par les faux pas du Raja et du Wydad de Casablanca qui ont encaiss\u00e9 leur premi\u00e8re d\u00e9faite de la saison. Pour le compte d\u2019un match report\u00e9 de la 3e journ\u00e9e, [&hellip;]<\/p>\n","protected":false},"author":1760,"featured_media":0,"comment_status":"closed","ping_status":"closed","sticky":false,"template":"","format":"standard","meta":{"fifu_image_url":"","fifu_image_alt":"","footnotes":""},"categories":[73,54],"tags":[],"class_list":["post-67328","post","type-post","status-publish","format-standard","hentry","category-actualite","category-maroc"],"_links":{"self":[{"href":"https:\/\/linitiative.ca\/International\/wp-json\/wp\/v2\/posts\/67328","targetHints":{"allow":["GET"]}}],"collection":[{"href":"https:\/\/linitiative.ca\/International\/wp-json\/wp\/v2\/posts"}],"about":[{"href":"https:\/\/linitiative.ca\/International\/wp-json\/wp\/v2\/types\/post"}],"author":[{"embeddable":true,"href":"https:\/\/linitiative.ca\/International\/wp-json\/wp\/v2\/users\/1760"}],"replies":[{"embeddable":true,"href":"https:\/\/linitiative.ca\/International\/wp-json\/wp\/v2\/comments?post=67328"}],"version-history":[{"count":0,"href":"https:\/\/linitiative.ca\/International\/wp-json\/wp\/v2\/posts\/67328\/revisions"}],"wp:attachment":[{"href":"https:\/\/linitiative.ca\/International\/wp-json\/wp\/v2\/media?parent=67328"}],"wp:term":[{"taxonomy":"category","embeddable":true,"href":"https:\/\/linitiative.ca\/International\/wp-json\/wp\/v2\/categories?post=67328"},{"taxonomy":"post_tag","embeddable":true,"href":"https:\/\/linitiative.ca\/International\/wp-json\/wp\/v2\/tags?post=67328"}],"curies":[{"name":"wp","href":"https:\/\/api.w.org\/{rel}","templated":true}]}}