{"id":67330,"date":"2019-11-13T06:58:41","date_gmt":"2019-11-13T11:58:41","guid":{"rendered":"https:\/\/linitiative.ca\/International\/une-filiale-pour-le-developpement-de-la-conduite-autonome\/"},"modified":"2019-11-13T06:58:41","modified_gmt":"2019-11-13T11:58:41","slug":"une-filiale-pour-le-developpement-de-la-conduite-autonome","status":"publish","type":"post","link":"https:\/\/linitiative.ca\/International\/une-filiale-pour-le-developpement-de-la-conduite-autonome\/","title":{"rendered":"Une filiale pour le d\u00e9veloppement de la conduite autonome"},"content":{"rendered":"<p class=\"has-text-color has-vivid-cyan-blue-color\"><strong>Volkswagen vient d\u2019annoncer la cr\u00e9ation de Volkswagen Autonomy (VWAT) dont le si\u00e8ge social sera situ\u00e9 \u00e0 Munich et \u00e0 Wolfsburg, avec une filiale dans la Silicon Valley.<\/strong><\/p>\n<p>Une autre filiale est pr\u00e9vue en Chine en 2021. Centre d\u2019excellence pour la conduite autonome de niveau 4 et plus, VWAT sera utilis\u00e9e pour renforcer le savoir-faire du Groupe et porter le syst\u00e8me de conduite autonome \u00e0 maturit\u00e9 en vue de sa mise sur le march\u00e9. L\u2019entreprise sera dirig\u00e9e par Alexander Hitzinger, Vice-Pr\u00e9sident Senior du Groupe Volkswagen en charge de la conduite autonome et membre du directoire de la marque Volkswagen en charge du d\u00e9veloppement technique pour Volkswagen V\u00e9hicules Utilitaires.<\/p>\n<p>Les solutions de mobilit\u00e9 pour les personnes et marchandises en zone urbaine seront le premier cas d\u2019application du syst\u00e8me de conduite autonome de VWAT. En juillet, le Groupe Volkswagen a annonc\u00e9 la signature d\u2019un accord de coop\u00e9ration avec Ford dans le domaine de la conduite autonome, accord qui, sous r\u00e9serve des approbations officielles, comprend une participation dans ARGO AI, une entreprise sp\u00e9cialis\u00e9e dans le d\u00e9veloppement de logiciels pour la conduite autonome. ARGO AI et VWAT travailleront en collaboration \u00e9troite \u00e0 la r\u00e9alisation du syst\u00e8me de conduite autonome. Dans le cadre de son d\u00e9veloppement, VWAT se concentrera sur l\u2019ing\u00e9nierie et l\u2019industrialisation des syst\u00e8mes. L\u2019objectif est d\u2019\u00e9laborer un syst\u00e8me de conduite autonome pouvant \u00eatre utilis\u00e9, \u00e0 l\u2019avenir, sous forme de module standard par toutes les marques du Groupe.<\/p>\n<p>\u00abNous voulons que Volkswagen Autonomy devienne une entreprise technologique mondiale associant l\u2019expertise du secteur de l\u2019automobile et de celui de la technologie, combinant l\u2019agilit\u00e9 et la cr\u00e9ativit\u00e9 d\u2019une culture de haute performance \u00e0 une orientation vers les processus et l\u2019\u00e9volutivit\u00e9\u00bb, note Alexander Hitzinger. Et de poursuivre\u00a0: \u00ab\u00a0Nous continuerons \u00e0 nous appuyer sur les synergies des marques du Groupe pour r\u00e9duire le co\u00fbt des v\u00e9hicules autonomes, des ordinateurs hautes performances et des capteurs. Nous pr\u00e9voyons de commencer \u00e0 commercialiser la conduite autonome \u00e0 grande \u00e9chelle vers le milieu de la prochaine d\u00e9cennie\u00bb.<\/p>\n<p>Les premiers cas d\u2019application sont pr\u00e9vus dans le secteur commercial. Volkswagen V\u00e9hicules Utilitaires va d\u00e9velopper et construire des v\u00e9hicules \u00e0 usage sp\u00e9cifique tels que des robots taxis et des vans robots. Dans le cadre d\u2019une co-cr\u00e9ation avec Volkswagen V\u00e9hicules Utilitaires en tant que client, VWAT se chargera du d\u00e9veloppement des syst\u00e8mes associ\u00e9s. La marque de v\u00e9hicules utilitaires l\u00e9gers deviendra ainsi le premier utilisateur du syst\u00e8me de conduite autonome de Volkswagen Autonomy.<\/p>\n<p>D\u2019ici \u00e0 la fin de l\u2019ann\u00e9e, les ressources en recherche du Groupe Volkswagen affect\u00e9es \u00e0 la conduite autonome seront transf\u00e9r\u00e9es \u00e0 VWAT. En 2020 et 2021, deux autres entreprises seront cr\u00e9\u00e9es, respectivement dans la Silicon Valley et en Chine, en plus de la soci\u00e9t\u00e9 allemande.<\/p>\n<p>Outre son travail op\u00e9rationnel sur le d\u00e9veloppement, la v\u00e9rification et la validation des syst\u00e8mes, VWAT contr\u00f4lera et sera responsable de toutes les activit\u00e9s li\u00e9es \u00e0 la conduite autonome de niveau 4 et plus au sein du Groupe Volkswagen.<\/p>\n<p class=\"c2\"><strong>Aimen Bouzoggaghe<\/strong><\/p>\n<p>Auteur: M&rsquo;hammed rahal<br \/>\n<a href=\"http:\/\/albayane.press.ma\/une-filiale-pour-le-developpement-de-la-conduite-autonome.html\">Cliquez ici pour lire l&rsquo;article depuis sa source.<\/a><\/p>\n","protected":false},"excerpt":{"rendered":"<p>Volkswagen vient d\u2019annoncer la cr\u00e9ation de Volkswagen Autonomy (VWAT) dont le si\u00e8ge social sera situ\u00e9 \u00e0 Munich et \u00e0 Wolfsburg, avec une filiale dans la Silicon Valley. Une autre filiale est pr\u00e9vue en Chine en 2021. Centre d\u2019excellence pour la conduite autonome de niveau 4 et plus, VWAT sera utilis\u00e9e pour renforcer le savoir-faire du [&hellip;]<\/p>\n","protected":false},"author":1760,"featured_media":0,"comment_status":"closed","ping_status":"closed","sticky":false,"template":"","format":"standard","meta":{"fifu_image_url":"","fifu_image_alt":"","footnotes":""},"categories":[73,54],"tags":[],"class_list":["post-67330","post","type-post","status-publish","format-standard","hentry","category-actualite","category-maroc"],"_links":{"self":[{"href":"https:\/\/linitiative.ca\/International\/wp-json\/wp\/v2\/posts\/67330","targetHints":{"allow":["GET"]}}],"collection":[{"href":"https:\/\/linitiative.ca\/International\/wp-json\/wp\/v2\/posts"}],"about":[{"href":"https:\/\/linitiative.ca\/International\/wp-json\/wp\/v2\/types\/post"}],"author":[{"embeddable":true,"href":"https:\/\/linitiative.ca\/International\/wp-json\/wp\/v2\/users\/1760"}],"replies":[{"embeddable":true,"href":"https:\/\/linitiative.ca\/International\/wp-json\/wp\/v2\/comments?post=67330"}],"version-history":[{"count":0,"href":"https:\/\/linitiative.ca\/International\/wp-json\/wp\/v2\/posts\/67330\/revisions"}],"wp:attachment":[{"href":"https:\/\/linitiative.ca\/International\/wp-json\/wp\/v2\/media?parent=67330"}],"wp:term":[{"taxonomy":"category","embeddable":true,"href":"https:\/\/linitiative.ca\/International\/wp-json\/wp\/v2\/categories?post=67330"},{"taxonomy":"post_tag","embeddable":true,"href":"https:\/\/linitiative.ca\/International\/wp-json\/wp\/v2\/tags?post=67330"}],"curies":[{"name":"wp","href":"https:\/\/api.w.org\/{rel}","templated":true}]}}