{"id":67331,"date":"2019-11-13T07:03:49","date_gmt":"2019-11-13T12:03:49","guid":{"rendered":"https:\/\/linitiative.ca\/International\/vivo-energy-maroc-et-myher-holding-creent-une-joint-venture\/"},"modified":"2019-11-13T07:03:49","modified_gmt":"2019-11-13T12:03:49","slug":"vivo-energy-maroc-et-myher-holding-creent-une-joint-venture","status":"publish","type":"post","link":"https:\/\/linitiative.ca\/International\/vivo-energy-maroc-et-myher-holding-creent-une-joint-venture\/","title":{"rendered":"Vivo Energy Maroc et Myher Holding cr\u00e9ent une joint-venture"},"content":{"rendered":"<p class=\"has-text-color has-vivid-cyan-blue-color\">V<strong>ivo Energy Maroc, l\u2019entreprise en charge de la distribution et de la commercialisation de carburants et lubrifiants de la marque Shell au Maroc, et Myher Holding annoncent leur partenariat dans la soci\u00e9t\u00e9 Sop\u00e9trole en vue d\u2019acc\u00e9l\u00e9rer le d\u00e9ploiement de leurs activit\u00e9s de distribution dans les Provinces du Sud du Maroc.<\/strong><\/p>\n<p>La co-entreprise sera d\u00e9tenue \u00e0 49% par Vivo Energy Maroc et \u00e0 51% par Myher Holding. Elle interviendra dans le stockage, la commercialisation et la distribution de carburants et de lubrifiants de marque Shell dans les provinces sahariennes. Ainsi, de nombreuses stations-services vont rejoindre le r\u00e9seau Shell d\u00e8s 2020 et un d\u00e9p\u00f4t de stockage de carburants \u00e0 La\u00e2youne soutiendra le d\u00e9veloppement de la soci\u00e9t\u00e9 dans la r\u00e9gion.<\/p>\n<p>Bernard Le Goff, Directeur G\u00e9n\u00e9ral de Vivo Energy Maroc, a d\u00e9clar\u00e9 au sujet de ce partenariat : \u00ab Nous sommes ravis de nous associer au sein de Sopetrole \u00e0 Myher avec qui nous partageons la m\u00eame vision de d\u00e9veloppement dans les provinces du Sud. A travers cette co-entreprise, nous pourrons ainsi apporter plus de proximit\u00e9 et de qualit\u00e9 de service \u00e0 nos clients par un maillage territorial renforc\u00e9 dans toutes les r\u00e9gions du Maroc du Nord au Sud\u00bb.<\/p>\n<p>Sidi Hamdi Ould Rachid, Pr\u00e9sident Directeur G\u00e9n\u00e9ral de Myher, a quant \u00e0 lui indiqu\u00e9 : \u00ab Nous sommes fiers de la pr\u00e9sence \u00e0 nos c\u00f4t\u00e9s d\u2019une entreprise multinationale comme Vivo Energy qui repr\u00e9sente les marques de renom Shell et Butagaz. Leur expertise nous permettra de d\u00e9velopper de mani\u00e8re p\u00e9renne nos activit\u00e9s et contribuer ainsi \u00e0 renforcer l\u2019attractivit\u00e9 des provinces sahariennes. Notre ambition est de nous inscrire dans le nouveau mod\u00e8le de d\u00e9veloppement des Provinces du Sud port\u00e9 par Sa Majest\u00e9 le Roi Mohammed VI\u00bb.<\/p>\n<p>A travers ce nouveau partenariat, Vivo Energy Maroc poursuit le d\u00e9ploiement de son r\u00e9seau \u00e0 travers le royaume. Son ambition, d\u2019apr\u00e8s le management, est de devenir l\u2019entreprise d\u2019\u00e9nergie la plus respect\u00e9e du Maroc tout en r\u00e9pondant aux standards internationaux de qualit\u00e9 les plus exigeants.<\/p>\n<p class=\"c2\"><strong>Aimen Bouzoggaghe<\/strong><\/p>\n<p>Auteur: M&rsquo;hammed rahal<br \/>\n<a href=\"http:\/\/albayane.press.ma\/vivo-energy-maroc-et-myher-holding-creent-une-joint-venture.html\">Cliquez ici pour lire l&rsquo;article depuis sa source.<\/a><\/p>\n","protected":false},"excerpt":{"rendered":"<p>Vivo Energy Maroc, l\u2019entreprise en charge de la distribution et de la commercialisation de carburants et lubrifiants de la marque Shell au Maroc, et Myher Holding annoncent leur partenariat dans la soci\u00e9t\u00e9 Sop\u00e9trole en vue d\u2019acc\u00e9l\u00e9rer le d\u00e9ploiement de leurs activit\u00e9s de distribution dans les Provinces du Sud du Maroc. La co-entreprise sera d\u00e9tenue \u00e0 [&hellip;]<\/p>\n","protected":false},"author":1760,"featured_media":0,"comment_status":"closed","ping_status":"closed","sticky":false,"template":"","format":"standard","meta":{"fifu_image_url":"","fifu_image_alt":"","footnotes":""},"categories":[73,54],"tags":[],"class_list":["post-67331","post","type-post","status-publish","format-standard","hentry","category-actualite","category-maroc"],"_links":{"self":[{"href":"https:\/\/linitiative.ca\/International\/wp-json\/wp\/v2\/posts\/67331","targetHints":{"allow":["GET"]}}],"collection":[{"href":"https:\/\/linitiative.ca\/International\/wp-json\/wp\/v2\/posts"}],"about":[{"href":"https:\/\/linitiative.ca\/International\/wp-json\/wp\/v2\/types\/post"}],"author":[{"embeddable":true,"href":"https:\/\/linitiative.ca\/International\/wp-json\/wp\/v2\/users\/1760"}],"replies":[{"embeddable":true,"href":"https:\/\/linitiative.ca\/International\/wp-json\/wp\/v2\/comments?post=67331"}],"version-history":[{"count":0,"href":"https:\/\/linitiative.ca\/International\/wp-json\/wp\/v2\/posts\/67331\/revisions"}],"wp:attachment":[{"href":"https:\/\/linitiative.ca\/International\/wp-json\/wp\/v2\/media?parent=67331"}],"wp:term":[{"taxonomy":"category","embeddable":true,"href":"https:\/\/linitiative.ca\/International\/wp-json\/wp\/v2\/categories?post=67331"},{"taxonomy":"post_tag","embeddable":true,"href":"https:\/\/linitiative.ca\/International\/wp-json\/wp\/v2\/tags?post=67331"}],"curies":[{"name":"wp","href":"https:\/\/api.w.org\/{rel}","templated":true}]}}