{"id":67334,"date":"2019-11-13T08:41:19","date_gmt":"2019-11-13T13:41:19","guid":{"rendered":"https:\/\/linitiative.ca\/International\/demarrage-de-la-2eme-legislature-du-pain-sur-la-planche-pour-les-nouveaux-deputes\/"},"modified":"2019-11-13T08:41:19","modified_gmt":"2019-11-13T13:41:19","slug":"demarrage-de-la-2eme-legislature-du-pain-sur-la-planche-pour-les-nouveaux-deputes","status":"publish","type":"post","link":"https:\/\/linitiative.ca\/International\/demarrage-de-la-2eme-legislature-du-pain-sur-la-planche-pour-les-nouveaux-deputes\/","title":{"rendered":"D\u00e9marrage de la 2\u00e8me l\u00e9gislature : Du pain sur la planche pour les nouveaux d\u00e9put\u00e9s"},"content":{"rendered":"<p>La s\u00e9ance d\u2019inauguration de la deuxi\u00e8me l\u00e9gislature a d\u00e9marr\u00e9 mercredi sous la pr\u00e9sidence d\u2019Abdelfattah Mourou, pr\u00e9sident par int\u00e9rim du parlement. Le parlement sortant a \u00e9t\u00e9 marqu\u00e9e par la succession de trois gouvernements et la prestation de serment de trois pr\u00e9sidents de la R\u00e9publique, a-t-il fait observer.<\/p>\n<p>S\u2019adressant aux nouveaux \u00e9lus il a soulign\u00e9 le poids des responsabilit\u00e9s qui les attendent, citant en premier la promulgation de la Loi de finances et la discussion du budget de l\u2019Etat pour l\u2019exercice 2020, une ann\u00e9e qu\u2019il a qualifi\u00e9e de \u00ab critique \u00bb.<\/p>\n<p>Le parlement, a-t-il relev\u00e9, est un espace de dialogue, de discussion mais aussi de diff\u00e9rence dont les membres doivent travailler de concert au service du citoyen qui attend d\u2019eux des r\u00e9alisations concr\u00e8tes.<\/p>\n<p>Mourou a appel\u00e9 les nouveaux d\u00e9put\u00e9s \u00e0 tirer les le\u00e7ons des emb\u00fbches qui se sont dress\u00e9es devant les membres du parlement sortant.<\/p>\n<p>Le pr\u00e9sident sortant a ensuite pass\u00e9 la pr\u00e9sidence de la s\u00e9ance \u00e0 l\u2019\u00e9lu le plus \u00e2g\u00e9, \u00e0 savoir Rached Ghannouchi et ses deux adjoints, choisis parmi les d\u00e9put\u00e9s les plus jeunes: Meriem Ben Belgacem (Ennahdha) et Abdelhamid Marzouki (Qalb Toun\u00e8s).<\/p>\n<p>La s\u00e9ance a \u00e9t\u00e9 lev\u00e9e, par la suite et doit reprendre sous la pr\u00e9sidence de Ghannouchi pour la prestation de serment des nouveaux d\u00e9put\u00e9s et l\u2019\u00e9lection du nouveau pr\u00e9sident de l\u2019Assembl\u00e9e des Repr\u00e9sentants du peuple et des deux vice-pr\u00e9sidents.<\/p>\n<p class=\"dpsp-share-text\">Partager c&rsquo;est aimer!<\/p>\n<div class=\"wp-post-author-wrap wp-post-author-shortcode left\">\n<h3 class=\"awpa-title\"\/>\n<div class=\"wp-post-author\">\n<div class=\"awpa-img awpa-author-block square\"><a href=\"http:\/\/lexpertjournal.net\/fr\/author\/expert\/\"><img loading=\"lazy\" decoding=\"async\" alt=\"\" src=\"http:\/\/2.gravatar.com\/avatar\/56d99be2a6f97af88ccb49fada637fcd?s=150&#038;d=mm&#038;r=g\" srcset=\"http:\/\/2.gravatar.com\/avatar\/56d99be2a6f97af88ccb49fada637fcd?s=300&#038;d=mm&#038;r=g 2x\" class=\"avatar avatar-150 photo\" height=\"150\" width=\"150\"\/><\/a><\/div>\n<\/div>\n<\/div>\n<p>Auteur: L&rsquo;expert<br \/>\n<a href=\"http:\/\/lexpertjournal.net\/fr\/2019\/11\/13\/demarrage-de-la-2eme-legislature-du-pain-sur-la-planche-pour-les-nouveaux-deputes\/\">Cliquez ici pour lire l&rsquo;article depuis sa source.<\/a><\/p>\n","protected":false},"excerpt":{"rendered":"<p>La s\u00e9ance d\u2019inauguration de la deuxi\u00e8me l\u00e9gislature a d\u00e9marr\u00e9 mercredi sous la pr\u00e9sidence d\u2019Abdelfattah Mourou, pr\u00e9sident par int\u00e9rim du parlement. Le parlement sortant a \u00e9t\u00e9 marqu\u00e9e par la succession de trois gouvernements et la prestation de serment de trois pr\u00e9sidents de la R\u00e9publique, a-t-il fait observer. S\u2019adressant aux nouveaux \u00e9lus il a soulign\u00e9 le poids [&hellip;]<\/p>\n","protected":false},"author":1775,"featured_media":0,"comment_status":"closed","ping_status":"closed","sticky":false,"template":"","format":"standard","meta":{"fifu_image_url":"","fifu_image_alt":"","footnotes":""},"categories":[78,55],"tags":[],"class_list":["post-67334","post","type-post","status-publish","format-standard","hentry","category-economie","category-tunisie"],"_links":{"self":[{"href":"https:\/\/linitiative.ca\/International\/wp-json\/wp\/v2\/posts\/67334","targetHints":{"allow":["GET"]}}],"collection":[{"href":"https:\/\/linitiative.ca\/International\/wp-json\/wp\/v2\/posts"}],"about":[{"href":"https:\/\/linitiative.ca\/International\/wp-json\/wp\/v2\/types\/post"}],"author":[{"embeddable":true,"href":"https:\/\/linitiative.ca\/International\/wp-json\/wp\/v2\/users\/1775"}],"replies":[{"embeddable":true,"href":"https:\/\/linitiative.ca\/International\/wp-json\/wp\/v2\/comments?post=67334"}],"version-history":[{"count":0,"href":"https:\/\/linitiative.ca\/International\/wp-json\/wp\/v2\/posts\/67334\/revisions"}],"wp:attachment":[{"href":"https:\/\/linitiative.ca\/International\/wp-json\/wp\/v2\/media?parent=67334"}],"wp:term":[{"taxonomy":"category","embeddable":true,"href":"https:\/\/linitiative.ca\/International\/wp-json\/wp\/v2\/categories?post=67334"},{"taxonomy":"post_tag","embeddable":true,"href":"https:\/\/linitiative.ca\/International\/wp-json\/wp\/v2\/tags?post=67334"}],"curies":[{"name":"wp","href":"https:\/\/api.w.org\/{rel}","templated":true}]}}