{"id":67335,"date":"2019-11-13T08:44:40","date_gmt":"2019-11-13T13:44:40","guid":{"rendered":"https:\/\/linitiative.ca\/International\/municipales-del-battan-denden-nefza-ksibet-thrayet-et-rakkada-les-elections-fixees-pour-le-26-janvier-2020\/"},"modified":"2019-11-13T08:44:40","modified_gmt":"2019-11-13T13:44:40","slug":"municipales-del-battan-denden-nefza-ksibet-thrayet-et-rakkada-les-elections-fixees-pour-le-26-janvier-2020","status":"publish","type":"post","link":"https:\/\/linitiative.ca\/International\/municipales-del-battan-denden-nefza-ksibet-thrayet-et-rakkada-les-elections-fixees-pour-le-26-janvier-2020\/","title":{"rendered":"Municipales d\u2019El Battan, Denden, Nefza, Ksibet Thrayet et Rakkada :  Les \u00e9lections fix\u00e9es pour le 26 janvier 2020"},"content":{"rendered":"<p>Des \u00e9lections municipales partielles \u00e0 El Battan et Den-Den (gouvernorat de La Manouba), Nefza (B\u00e9ja), Ksibet Thrayet (Sousse) et Rakkada (Kairouan) se d\u00e9rouleront le 26 janvier 2020, indique l\u2019instance \u00e9lectorale.<\/p>\n<p>Le d\u00e9p\u00f4t des candidatures se fera aupr\u00e8s des instances r\u00e9gionales des \u00e9lections entre le 18 et le 25 novembre courant, ajoute l\u2019Instance sup\u00e9rieure ind\u00e9pendante des \u00e9lections.<\/p>\n<p>La liste d\u00e9finitive des candidats aux municipales sera publi\u00e9e, apr\u00e8s expiration des d\u00e9lais de recours, le 2 janvier 2020. La campagne \u00e9lectorale d\u00e9butera le 4 janvier et s\u2019ach\u00e8vera le 24 janvier 2020.<\/p>\n<p>Les militaires et les s\u00e9curitaires voteront le 25 janvier, journ\u00e9e qui co\u00efncide avec le silence \u00e9lectoral.<\/p>\n<p>L\u2019Instance des \u00e9lections proclamera les r\u00e9sultats pr\u00e9liminaires au plus tard le 28 janvier et les r\u00e9sultats d\u00e9finitifs le 6 mars 2020.<\/p>\n<p>Par ailleurs, l\u2019ISIE pr\u00e9cise que les accr\u00e9ditations des observateurs et des repr\u00e9sentants des listes candidates d\u00e9livr\u00e9es au cours des \u00e9lections municipales du 6 mai 2018 seront valables pour les municipales partielles de janvier 2020.<\/p>\n<p class=\"dpsp-share-text\">Partager c&rsquo;est aimer!<\/p>\n<div class=\"wp-post-author-wrap wp-post-author-shortcode left\">\n<h3 class=\"awpa-title\"\/>\n<div class=\"wp-post-author\">\n<div class=\"awpa-img awpa-author-block square\"><a href=\"http:\/\/lexpertjournal.net\/fr\/author\/expert\/\"><img loading=\"lazy\" decoding=\"async\" alt=\"\" src=\"http:\/\/2.gravatar.com\/avatar\/56d99be2a6f97af88ccb49fada637fcd?s=150&#038;d=mm&#038;r=g\" srcset=\"http:\/\/2.gravatar.com\/avatar\/56d99be2a6f97af88ccb49fada637fcd?s=300&#038;d=mm&#038;r=g 2x\" class=\"avatar avatar-150 photo\" height=\"150\" width=\"150\"\/><\/a><\/div>\n<\/div>\n<\/div>\n<p>Auteur: L&rsquo;expert<br \/>\n<a href=\"http:\/\/lexpertjournal.net\/fr\/2019\/11\/13\/municipales-del-battan-denden-nefza-ksibet-thrayet-et-rakkada-les-elections-fixees-pour-le-26-janvier-2020\/\">Cliquez ici pour lire l&rsquo;article depuis sa source.<\/a><\/p>\n","protected":false},"excerpt":{"rendered":"<p>Des \u00e9lections municipales partielles \u00e0 El Battan et Den-Den (gouvernorat de La Manouba), Nefza (B\u00e9ja), Ksibet Thrayet (Sousse) et Rakkada (Kairouan) se d\u00e9rouleront le 26 janvier 2020, indique l\u2019instance \u00e9lectorale. Le d\u00e9p\u00f4t des candidatures se fera aupr\u00e8s des instances r\u00e9gionales des \u00e9lections entre le 18 et le 25 novembre courant, ajoute l\u2019Instance sup\u00e9rieure ind\u00e9pendante des [&hellip;]<\/p>\n","protected":false},"author":1775,"featured_media":0,"comment_status":"closed","ping_status":"closed","sticky":false,"template":"","format":"standard","meta":{"fifu_image_url":"","fifu_image_alt":"","footnotes":""},"categories":[78,55],"tags":[],"class_list":["post-67335","post","type-post","status-publish","format-standard","hentry","category-economie","category-tunisie"],"_links":{"self":[{"href":"https:\/\/linitiative.ca\/International\/wp-json\/wp\/v2\/posts\/67335","targetHints":{"allow":["GET"]}}],"collection":[{"href":"https:\/\/linitiative.ca\/International\/wp-json\/wp\/v2\/posts"}],"about":[{"href":"https:\/\/linitiative.ca\/International\/wp-json\/wp\/v2\/types\/post"}],"author":[{"embeddable":true,"href":"https:\/\/linitiative.ca\/International\/wp-json\/wp\/v2\/users\/1775"}],"replies":[{"embeddable":true,"href":"https:\/\/linitiative.ca\/International\/wp-json\/wp\/v2\/comments?post=67335"}],"version-history":[{"count":0,"href":"https:\/\/linitiative.ca\/International\/wp-json\/wp\/v2\/posts\/67335\/revisions"}],"wp:attachment":[{"href":"https:\/\/linitiative.ca\/International\/wp-json\/wp\/v2\/media?parent=67335"}],"wp:term":[{"taxonomy":"category","embeddable":true,"href":"https:\/\/linitiative.ca\/International\/wp-json\/wp\/v2\/categories?post=67335"},{"taxonomy":"post_tag","embeddable":true,"href":"https:\/\/linitiative.ca\/International\/wp-json\/wp\/v2\/tags?post=67335"}],"curies":[{"name":"wp","href":"https:\/\/api.w.org\/{rel}","templated":true}]}}