{"id":67336,"date":"2019-11-13T08:47:38","date_gmt":"2019-11-13T13:47:38","guid":{"rendered":"https:\/\/linitiative.ca\/International\/symposium-scientifique-les-sources-etrangeres-des-lumieres\/"},"modified":"2019-11-13T08:47:38","modified_gmt":"2019-11-13T13:47:38","slug":"symposium-scientifique-les-sources-etrangeres-des-lumieres","status":"publish","type":"post","link":"https:\/\/linitiative.ca\/International\/symposium-scientifique-les-sources-etrangeres-des-lumieres\/","title":{"rendered":"Symposium scientifique:  Les sources \u00e9trang\u00e8res des Lumi\u00e8res"},"content":{"rendered":"<p>L\u2019Acad\u00e9mie Tunisienne des Sciences, des Lettres et des Arts (Be\u00eft al-Hikma) accueillera les 15 et 16 novembre un symposium scientifique international intitul\u00e9 \u00ab Les sources \u00e9trang\u00e8res des Lumi\u00e8res occidentales \u00ab .<\/p>\n<p>Ce symposium est le fruit d\u2019une coop\u00e9ration entre L\u2019Acad\u00e9mie Tunisienne des Sciences, des Lettres et des Arts (Be\u00eft el Hikma), la fondation Mominoun sans fronti\u00e8res, l\u2019Association des \u00e9tudes intellectuelles et sociales et l\u2019Association tunisienne des \u00e9tudes sur les Lumi\u00e8res<\/p>\n<p>Le colloque, qui r\u00e9sulte de la coop\u00e9ration entre les trois associations, vise \u00e0 combler le manque actuel de r\u00e9f\u00e9rences sur la contribution des diff\u00e9rentes cultures \u00e0 la formation et \u00e0 l\u2019\u00e9mergence des Lumi\u00e8res et \u00e0 interroger les Lumi\u00e8res occidentales sur leurs sources externes, c\u2019est-\u00e0-dire non europ\u00e9ennes, telles que gr\u00e9co-romaines, arabes, chinoises, persanes, turques et m\u00eame am\u00e9ricaines\u2026 ces sources qui ont inspir\u00e9 ou prolong\u00e9 la pens\u00e9e des lumi\u00e8res avec des images, des exemples et des arguments.<\/p>\n<p>Qu\u2019est-ce que les penseurs des Lumi\u00e8res ont lu? De quelles fa\u00e7ons se sont-ils inspir\u00e9 des \u0153uvres \u00e9trang\u00e8res? Ont-ils eu un acc\u00e8s direct ou indirect \u00e0 ces sources? Quels travaux ont \u00e9t\u00e9 traduits? Qui les a traduits? Quelles sont les \u0153uvres \u00e9trang\u00e8res qui ont \u00e9t\u00e9 les plus r\u00e9quisitionn\u00e9es ?<\/p>\n<p>Des chercheurs de France, d\u2019Italie, d\u2019Oman, d\u2019Egypte, de Chine, de Gr\u00e8ce et de Tunisie participeront \u00e0 ce s\u00e9minaire. Le programme de travail sera divis\u00e9 en cinq sessions scientifiques sur deux jours.<\/p>\n<p class=\"dpsp-share-text\">Partager c&rsquo;est aimer!<\/p>\n<div class=\"wp-post-author-wrap wp-post-author-shortcode left\">\n<h3 class=\"awpa-title\"\/>\n<div class=\"wp-post-author\">\n<div class=\"awpa-img awpa-author-block square\"><a href=\"http:\/\/lexpertjournal.net\/fr\/author\/expert\/\"><img loading=\"lazy\" decoding=\"async\" alt=\"\" src=\"http:\/\/2.gravatar.com\/avatar\/56d99be2a6f97af88ccb49fada637fcd?s=150&#038;d=mm&#038;r=g\" srcset=\"http:\/\/2.gravatar.com\/avatar\/56d99be2a6f97af88ccb49fada637fcd?s=300&#038;d=mm&#038;r=g 2x\" class=\"avatar avatar-150 photo\" height=\"150\" width=\"150\"\/><\/a><\/div>\n<\/div>\n<\/div>\n<p>Auteur: L&rsquo;expert<br \/>\n<a href=\"http:\/\/lexpertjournal.net\/fr\/2019\/11\/13\/symposium-scientifique-les-sources-etrangeres-des-lumieres\/\">Cliquez ici pour lire l&rsquo;article depuis sa source.<\/a><\/p>\n","protected":false},"excerpt":{"rendered":"<p>L\u2019Acad\u00e9mie Tunisienne des Sciences, des Lettres et des Arts (Be\u00eft al-Hikma) accueillera les 15 et 16 novembre un symposium scientifique international intitul\u00e9 \u00ab Les sources \u00e9trang\u00e8res des Lumi\u00e8res occidentales \u00ab . Ce symposium est le fruit d\u2019une coop\u00e9ration entre L\u2019Acad\u00e9mie Tunisienne des Sciences, des Lettres et des Arts (Be\u00eft el Hikma), la fondation Mominoun sans [&hellip;]<\/p>\n","protected":false},"author":1775,"featured_media":0,"comment_status":"closed","ping_status":"closed","sticky":false,"template":"","format":"standard","meta":{"fifu_image_url":"","fifu_image_alt":"","footnotes":""},"categories":[78,55],"tags":[],"class_list":["post-67336","post","type-post","status-publish","format-standard","hentry","category-economie","category-tunisie"],"_links":{"self":[{"href":"https:\/\/linitiative.ca\/International\/wp-json\/wp\/v2\/posts\/67336","targetHints":{"allow":["GET"]}}],"collection":[{"href":"https:\/\/linitiative.ca\/International\/wp-json\/wp\/v2\/posts"}],"about":[{"href":"https:\/\/linitiative.ca\/International\/wp-json\/wp\/v2\/types\/post"}],"author":[{"embeddable":true,"href":"https:\/\/linitiative.ca\/International\/wp-json\/wp\/v2\/users\/1775"}],"replies":[{"embeddable":true,"href":"https:\/\/linitiative.ca\/International\/wp-json\/wp\/v2\/comments?post=67336"}],"version-history":[{"count":0,"href":"https:\/\/linitiative.ca\/International\/wp-json\/wp\/v2\/posts\/67336\/revisions"}],"wp:attachment":[{"href":"https:\/\/linitiative.ca\/International\/wp-json\/wp\/v2\/media?parent=67336"}],"wp:term":[{"taxonomy":"category","embeddable":true,"href":"https:\/\/linitiative.ca\/International\/wp-json\/wp\/v2\/categories?post=67336"},{"taxonomy":"post_tag","embeddable":true,"href":"https:\/\/linitiative.ca\/International\/wp-json\/wp\/v2\/tags?post=67336"}],"curies":[{"name":"wp","href":"https:\/\/api.w.org\/{rel}","templated":true}]}}